{"id":11085,"date":"2023-03-12T23:51:22","date_gmt":"2023-03-13T02:51:22","guid":{"rendered":"https:\/\/www.semanariolocal.cl\/?p=11085"},"modified":"2023-03-12T23:51:23","modified_gmt":"2023-03-13T02:51:23","slug":"mujeres-rurales-mujeres-conectadas","status":"publish","type":"post","link":"https:\/\/www.semanariolocal.cl\/?p=11085","title":{"rendered":"<strong>Mujeres rurales, mujeres conectadas<\/strong>"},"content":{"rendered":"\n<p>Entre cerros y caminos de ripio vive la se\u00f1ora Nancy. Visitamos su casa en Llanquecura Bajo, localidad de la regi\u00f3n de Los R\u00edos, para evaluar su participaci\u00f3n en la iniciativa \u201cRuta Digital\u201d del programa Mujeres Rurales que busc\u00f3 facilitar la conectividad y fortalecer las habilidades digitales al utilizar celulares, como medida para afrontar la pandemia.<\/p>\n\n\n\n<p>Nancy nos muestra las frutillas y las papas de su huerta, nos cuenta de sus m\u00e1s de 60 a\u00f1os de vida, que es hija de campesinos y naci\u00f3 en el mismo terreno donde hoy vive, pero que vivi\u00f3 y trabaj\u00f3 a\u00f1os en otros lugares y ciudades. Sobre el uso del celular nos dice \u201caprend\u00ed poco, pero algo aprend\u00ed, porque siempre se aprende\u201d. Su historia, como tantas otras, est\u00e1 cruzada por el esfuerzo, la superaci\u00f3n personal, y una extra\u00f1a mezcla de soledad y cercan\u00eda con personas que viven lejos, pero que gracias a la tecnolog\u00eda y los celulares pueden estar m\u00e1s cerca.<\/p>\n\n\n\n<p>Al hablar de las desigualdades que las mujeres rurales enfrentan, podr\u00edamos apuntar a la divisi\u00f3n desigual del trabajo, la precariedad e informalidad laboral, a la violencia de g\u00e9nero, la falta de acceso y tenencia de tierras, entre otras discriminaciones. Con las mujeres rurales, se suele poner el foco en el trabajo, y con justa raz\u00f3n. La triple jornada entre la generaci\u00f3n de ingresos, la producci\u00f3n para venta y\/o autoconsumo y el cuidado a terceros es patente: Las mujeres rurales est\u00e1n m\u00e1s de 10 puntos porcentuales por debajo de sus pares urbanas en participaci\u00f3n laboral y participan menos de la mitad que los hombres rurales, seg\u00fan un informe del Ministerio de la Mujer y Equidad de G\u00e9nero (2017). Las cifras de desocupaci\u00f3n de mujeres rurales suelen ser elevadas, lo que tiene el componente oculto de desvalorizaci\u00f3n de su trabajo, puesto que se considera de subsistencia o complementario al trabajo de terceros. Las mujeres de la agricultura familiar campesina trabajan aproximadamente 13 horas diarias: 9 en actividades silvoagropecuarias y 4 de labores dom\u00e9sticas no remuneradas, seg\u00fan un informe de PRODEMU.<\/p>\n\n\n\n<p>Sin embargo, tanto la Sra. Nancy como otras mujeres que entrevistamos en nuestras salidas a terreno, nos dan cuentan de otras brechas territoriales entre zonas rurales y urbanas que afectan la desigualdad de g\u00e9nero. Es constante su relato de c\u00f3mo, a pesar de hacerse el tiempo para las capacitaciones y querer aprender a usar celulares, la se\u00f1al en la mayor\u00eda de las localidades simplemente es deficiente. Seg\u00fan datos de la CASEN 2017, el 48% de los hogares rurales no tienen conexi\u00f3n pagada a Internet.<\/p>\n\n\n\n<p>Hablar de la conectividad podr\u00eda, a algunas personas, parecerles una nimiedad en el contexto del D\u00eda Internacional de la Mujer, pero ellas hablan de c\u00f3mo les permite \u201csentirse menos solas\u201d, mantenerse en comunicaci\u00f3n con sus familiares que viven lejos; de c\u00f3mo les permite coordinarse entre vecinas para viajar a la ciudad o intercambiar alimentos cuando lo necesitan; de c\u00f3mo un tr\u00e1mite o reuni\u00f3n desde sus hogares a trav\u00e9s de internet les permite no perder todo un d\u00eda de producci\u00f3n por viajar a hacerlo presencial; de c\u00f3mo la conexi\u00f3n les permite \u201cacompa\u00f1arse con la m\u00fasica\u201d o acceder a informaci\u00f3n, como los \u201cvideos para la huerta\u201d. En un pa\u00eds cada vez m\u00e1s conectado, la conectividad es habilitaci\u00f3n; se vuelve fundamental para el ejercicio de derechos humanos, como el derecho a la educaci\u00f3n \u2013lo evidenci\u00f3 la pandemia\u2013, la participaci\u00f3n en la vida cultural, el desarrollo social y econ\u00f3mico, la libre expresi\u00f3n y acceso a la informaci\u00f3n, entre otros.<\/p>\n\n\n\n<p>El avance en igualdad de g\u00e9nero necesita ser integral y considerar a las mujeres de los territorios rurales. En nuestras publicaciones mencionamos que la estructura productiva es fundamental, pero tambi\u00e9n lo es el acceso a los servicios b\u00e1sicos, las redes de protecci\u00f3n social, el resguardo del medio ambiente y el agua, junto a los patrones culturales que representan barreras para su inclusi\u00f3n econ\u00f3mica efectiva y avanzar en igualdad de g\u00e9nero.<\/p>\n\n\n\n<p>En el contexto del D\u00eda Internacional de la Mujer, nuestro llamado es a ampliar la mirada para hablar de mujeres rurales, a superar los imaginarios tradicionales y reconocer a la ruralidad como un espacio de profundas transformaciones. S\u00f3lo de esa forma podremos avanzar en derechos para las mujeres rurales.<\/p>\n\n\n\n<p><strong>Por Tatiana Aguirre, investigadora<br>Rimisp \u2013 Centro Latinoamericano para el Desarrollo Rural<\/strong><\/p>\n","protected":false},"excerpt":{"rendered":"<p>El avance en igualdad de g\u00e9nero necesita ser integral y considerar a las mujeres de los territorios rurales. <\/p>\n","protected":false},"author":1,"featured_media":11086,"comment_status":"closed","ping_status":"closed","sticky":false,"template":"","format":"standard","meta":{"footnotes":""},"categories":[7],"tags":[337,1283,273,247,1342,1606,133,940],"class_list":["post-11085","post","type-post","status-publish","format-standard","has-post-thumbnail","hentry","category-opinion","tag-informacion","tag-mujeres","tag-noticias","tag-region-de-los-lagos","tag-rimisp","tag-rural","tag-semanario-local","tag-tecnologia"],"_links":{"self":[{"href":"https:\/\/www.semanariolocal.cl\/index.php?rest_route=\/wp\/v2\/posts\/11085","targetHints":{"allow":["GET"]}}],"collection":[{"href":"https:\/\/www.semanariolocal.cl\/index.php?rest_route=\/wp\/v2\/posts"}],"about":[{"href":"https:\/\/www.semanariolocal.cl\/index.php?rest_route=\/wp\/v2\/types\/post"}],"author":[{"embeddable":true,"href":"https:\/\/www.semanariolocal.cl\/index.php?rest_route=\/wp\/v2\/users\/1"}],"replies":[{"embeddable":true,"href":"https:\/\/www.semanariolocal.cl\/index.php?rest_route=%2Fwp%2Fv2%2Fcomments&post=11085"}],"version-history":[{"count":1,"href":"https:\/\/www.semanariolocal.cl\/index.php?rest_route=\/wp\/v2\/posts\/11085\/revisions"}],"predecessor-version":[{"id":11087,"href":"https:\/\/www.semanariolocal.cl\/index.php?rest_route=\/wp\/v2\/posts\/11085\/revisions\/11087"}],"wp:featuredmedia":[{"embeddable":true,"href":"https:\/\/www.semanariolocal.cl\/index.php?rest_route=\/wp\/v2\/media\/11086"}],"wp:attachment":[{"href":"https:\/\/www.semanariolocal.cl\/index.php?rest_route=%2Fwp%2Fv2%2Fmedia&parent=11085"}],"wp:term":[{"taxonomy":"category","embeddable":true,"href":"https:\/\/www.semanariolocal.cl\/index.php?rest_route=%2Fwp%2Fv2%2Fcategories&post=11085"},{"taxonomy":"post_tag","embeddable":true,"href":"https:\/\/www.semanariolocal.cl\/index.php?rest_route=%2Fwp%2Fv2%2Ftags&post=11085"}],"curies":[{"name":"wp","href":"https:\/\/api.w.org\/{rel}","templated":true}]}}