{"id":11013,"date":"2023-03-07T14:58:18","date_gmt":"2023-03-07T17:58:18","guid":{"rendered":"https:\/\/www.semanariolocal.cl\/?p=11013"},"modified":"2023-03-07T22:04:06","modified_gmt":"2023-03-08T01:04:06","slug":"anuncian-censura-contra-presidente-de-la-comision-de-educacion-tras-agresion-verbal-del-ministro-avila","status":"publish","type":"post","link":"https:\/\/www.semanariolocal.cl\/?p=11013","title":{"rendered":"Anuncian censura contra presidente de la comisi\u00f3n de Educaci\u00f3n tras agresi\u00f3n verbal del ministro \u00c1vila\u00a0"},"content":{"rendered":"\n<p>La Bancada de la UDI, encabezada por el integrante de la comisi\u00f3n de Educaci\u00f3n de la C\u00e1mara Baja, Fernando B\u00f3rquez, y las diputadas Flor Weisse y Marlene P\u00e9rez, anunciaron que presentar\u00e1n una moci\u00f3n de censura en contra del presidente de la comisi\u00f3n de Educaci\u00f3n, Juan Santana (PS), por no haber resguardado la integridad de la diputada Viviana Delgado (PEV), quien denunci\u00f3 haber sido agredida verbalmente por el ministro del ramo, Marco Antonio \u00c1vila, lo que fue reconocido por el propio titular de Estado.<\/p>\n\n\n\n<p>Al respecto, los parlamentarios gremialistas acusaron al ministro de \u201cfaltarle el respeto\u201d a la diputada durante el desarrollo de la comisi\u00f3n y posterior a \u00e9sta, sin que el presidente de la instancia haya intercedido en favor de Delgado o, bien, advertido a \u00c1vila sobre el tono de sus palabras.<\/p>\n\n\n\n<p>Incluso, el diputado B\u00f3rquez asegur\u00f3 que \u201cdespu\u00e9s de que el ministro le respondiera a la diputada Delgado de muy mala forma, tom\u00e9 la palabra para se\u00f1alarle que no era la manera de dirigirse a una parlamentaria, sin embargo el diputado Santana no dej\u00f3 que terminara lo que estaba se\u00f1alando, lo que lo hace c\u00f3mplice de la p\u00e9sima actitud que tuvo una autoridad de gobierno\u201d.<\/p>\n\n\n\n<p>\u201cLos presidentes de cualquier instancia tienen el deber de resguardar y velar por la integridad de cada uno de sus miembros, lo que no ocurri\u00f3 en esta oportunidad por parte del diputado Santana. Antes de que se produjera el principal altercado, el ministro le falt\u00f3 el respeto a la diputada Delgado y fue absolutamente violento en su forma de expresarse. Y all\u00ed es donde el presidente de la comisi\u00f3n debi\u00f3 haber tomado la palabra para responderle al ministro \u00c1vila y defender a una integrante de esta corporaci\u00f3n, pero lamentablemente no lo hizo\u201d, denunci\u00f3 el diputado B\u00f3rquez.<\/p>\n\n\n\n<p>Por lo mismo, el representante de la UDI se\u00f1al\u00f3 que \u201cproducto de esta grave situaci\u00f3n, hemos tomado la decisi\u00f3n como bancada de presentar una moci\u00f3n de censura en contra del presidente de la comisi\u00f3n de Educaci\u00f3n, justamente por no haber prevenido lo que estaba ocurriendo\u201d, agregando que \u201cla vamos a hacer efectiva en la pr\u00f3xima sesi\u00f3n que tengamos, y esperamos que, en solidaridad con la diputada Delgado, todos los integrantes de dicha instancia la aprueben de forma un\u00e1nime\u201d.<\/p>\n\n\n\n<p>\u201cEstamos a un d\u00eda de conmemorar el D\u00eda de la Mujer y, lamentablemente, el oficialismo sigue comport\u00e1ndose como si existieran dos tipos de mujeres en nuestro pa\u00eds. El feminismo que tanto defienden es simplemente un eslogan, porque cuanto tienen el deber de defender a una integrante de la C\u00e1mara de Diputados, no lo hacen por defensa de sus propios intereses. As\u00ed se comport\u00f3 el diputado Santana, y por eso presentaremos una censura en su contra\u201d, reiteraron los legisladores.<\/p>\n","protected":false},"excerpt":{"rendered":"<p>El integrante de dicha instancia, Fernando B\u00f3rquez, junto a las parlamentarias Flor Weisse y Marlene P\u00e9rez, acusaron a Juan Santana (PS) de no velar por la integridad de la legisladora. <\/p>\n","protected":false},"author":1,"featured_media":11015,"comment_status":"closed","ping_status":"closed","sticky":false,"template":"","format":"standard","meta":{"footnotes":""},"categories":[3],"tags":[337,273,247,133],"class_list":["post-11013","post","type-post","status-publish","format-standard","has-post-thumbnail","hentry","category-al-dia","tag-informacion","tag-noticias","tag-region-de-los-lagos","tag-semanario-local"],"_links":{"self":[{"href":"https:\/\/www.semanariolocal.cl\/index.php?rest_route=\/wp\/v2\/posts\/11013","targetHints":{"allow":["GET"]}}],"collection":[{"href":"https:\/\/www.semanariolocal.cl\/index.php?rest_route=\/wp\/v2\/posts"}],"about":[{"href":"https:\/\/www.semanariolocal.cl\/index.php?rest_route=\/wp\/v2\/types\/post"}],"author":[{"embeddable":true,"href":"https:\/\/www.semanariolocal.cl\/index.php?rest_route=\/wp\/v2\/users\/1"}],"replies":[{"embeddable":true,"href":"https:\/\/www.semanariolocal.cl\/index.php?rest_route=%2Fwp%2Fv2%2Fcomments&post=11013"}],"version-history":[{"count":1,"href":"https:\/\/www.semanariolocal.cl\/index.php?rest_route=\/wp\/v2\/posts\/11013\/revisions"}],"predecessor-version":[{"id":11016,"href":"https:\/\/www.semanariolocal.cl\/index.php?rest_route=\/wp\/v2\/posts\/11013\/revisions\/11016"}],"wp:featuredmedia":[{"embeddable":true,"href":"https:\/\/www.semanariolocal.cl\/index.php?rest_route=\/wp\/v2\/media\/11015"}],"wp:attachment":[{"href":"https:\/\/www.semanariolocal.cl\/index.php?rest_route=%2Fwp%2Fv2%2Fmedia&parent=11013"}],"wp:term":[{"taxonomy":"category","embeddable":true,"href":"https:\/\/www.semanariolocal.cl\/index.php?rest_route=%2Fwp%2Fv2%2Fcategories&post=11013"},{"taxonomy":"post_tag","embeddable":true,"href":"https:\/\/www.semanariolocal.cl\/index.php?rest_route=%2Fwp%2Fv2%2Ftags&post=11013"}],"curies":[{"name":"wp","href":"https:\/\/api.w.org\/{rel}","templated":true}]}}