{"id":10985,"date":"2023-03-07T11:58:06","date_gmt":"2023-03-07T14:58:06","guid":{"rendered":"https:\/\/www.semanariolocal.cl\/?p=10985"},"modified":"2023-03-07T11:58:15","modified_gmt":"2023-03-07T14:58:15","slug":"saesa-inicia-trabajos-de-mejoramiento-en-redes-electricas-de-rahue-bajo-en-osorno","status":"publish","type":"post","link":"https:\/\/www.semanariolocal.cl\/?p=10985","title":{"rendered":"Saesa inicia trabajos de mejoramiento en redes el\u00e9ctricas de Rahue Bajo en Osorno"},"content":{"rendered":"\n<p>Con la finalidad de mejorar y ampliar las redes de distribuci\u00f3n el\u00e9ctrica, este mi\u00e9rcoles 8 de marzo Saesa realizar\u00e1 una desconexi\u00f3n programada con el objetivo de robustecer sus instalaciones, contribuyendo a asegurar la estabilidad y continuidad del suministro, beneficiando a todos los vecinos del sector de Rahue Bajo en Osorno.<\/p>\n\n\n\n<p>Para ejecutar estos trabajos sin riesgos para la comunidad ni para los trabajadores, Saesa tiene agendada la suspensi\u00f3n del servicio desde las 09.30 de la ma\u00f1ana hasta las 15.30 horas, que es el tiempo estimado en que se repondr\u00e1 nuevamente la energ\u00eda.<\/p>\n\n\n\n<p>Los sectores afectados en tanto comprenden a los clientes del lado norte de Avenida Rep\u00fablica, entre calles Chorrillos y Zapiga.<\/p>\n\n\n\n<p>Daniel Almonacid, Gerente Zonal de Saesa en Osorno, explica que \u201ccon estos trabajos buscamos fortalecer el servicio que entregamos en este sector de Osorno, los que se suman a otros proyectos que van en esa misma l\u00ednea, entregar un servicio de calidad y estable a nuestros vecinos y vecinas\u201d.<\/p>\n\n\n\n<p>La compa\u00f1\u00eda se\u00f1ala que en caso de dudas o consultas, los clientes pueden utilizar los canales de contacto tradicionales como la l\u00ednea gratuita 800 600 801 para Saesa, 800 600 804 para Luz Osorno, adem\u00e1s de las plataformas de Twitter y Facebook.<\/p>\n\n\n\n<p>Por otro lado, tambi\u00e9n los invita a utilizar los nuevos canales digitales con los que cuenta la compa\u00f1\u00eda, estos son el bot\u00f3n Estoy Sin Luz, que se encuentra en la oficina virtual&nbsp;<a href=\"http:\/\/saesa.cl\/\" target=\"_blank\" rel=\"noreferrer noopener\">saesa.cl<\/a>&nbsp;o tambi\u00e9n descargando la aplicaci\u00f3n para tel\u00e9fonos m\u00f3viles.<\/p>\n","protected":false},"excerpt":{"rendered":"<p>Los trabajos se realizar\u00e1n este mi\u00e9rcoles desde las 09.30 de la ma\u00f1ana hasta las 15.30 horas.<\/p>\n","protected":false},"author":1,"featured_media":10986,"comment_status":"closed","ping_status":"closed","sticky":false,"template":"","format":"standard","meta":{"footnotes":""},"categories":[3],"tags":[],"class_list":["post-10985","post","type-post","status-publish","format-standard","has-post-thumbnail","hentry","category-al-dia"],"_links":{"self":[{"href":"https:\/\/www.semanariolocal.cl\/index.php?rest_route=\/wp\/v2\/posts\/10985","targetHints":{"allow":["GET"]}}],"collection":[{"href":"https:\/\/www.semanariolocal.cl\/index.php?rest_route=\/wp\/v2\/posts"}],"about":[{"href":"https:\/\/www.semanariolocal.cl\/index.php?rest_route=\/wp\/v2\/types\/post"}],"author":[{"embeddable":true,"href":"https:\/\/www.semanariolocal.cl\/index.php?rest_route=\/wp\/v2\/users\/1"}],"replies":[{"embeddable":true,"href":"https:\/\/www.semanariolocal.cl\/index.php?rest_route=%2Fwp%2Fv2%2Fcomments&post=10985"}],"version-history":[{"count":1,"href":"https:\/\/www.semanariolocal.cl\/index.php?rest_route=\/wp\/v2\/posts\/10985\/revisions"}],"predecessor-version":[{"id":10987,"href":"https:\/\/www.semanariolocal.cl\/index.php?rest_route=\/wp\/v2\/posts\/10985\/revisions\/10987"}],"wp:featuredmedia":[{"embeddable":true,"href":"https:\/\/www.semanariolocal.cl\/index.php?rest_route=\/wp\/v2\/media\/10986"}],"wp:attachment":[{"href":"https:\/\/www.semanariolocal.cl\/index.php?rest_route=%2Fwp%2Fv2%2Fmedia&parent=10985"}],"wp:term":[{"taxonomy":"category","embeddable":true,"href":"https:\/\/www.semanariolocal.cl\/index.php?rest_route=%2Fwp%2Fv2%2Fcategories&post=10985"},{"taxonomy":"post_tag","embeddable":true,"href":"https:\/\/www.semanariolocal.cl\/index.php?rest_route=%2Fwp%2Fv2%2Ftags&post=10985"}],"curies":[{"name":"wp","href":"https:\/\/api.w.org\/{rel}","templated":true}]}}