{"id":10982,"date":"2023-03-07T08:10:00","date_gmt":"2023-03-07T11:10:00","guid":{"rendered":"https:\/\/www.semanariolocal.cl\/?p=10982"},"modified":"2023-03-07T11:30:10","modified_gmt":"2023-03-07T14:30:10","slug":"con-dracula-de-bram-stoker-cine-club-ulagos-inaugurara-este-jueves-su-septima-temporada","status":"publish","type":"post","link":"https:\/\/www.semanariolocal.cl\/?p=10982","title":{"rendered":"Con \u00abDr\u00e1cula de Bram Stoker\u00bb Cine Club ULagos inaugurar\u00e1 este jueves su s\u00e9ptima temporada"},"content":{"rendered":"\n<p>El espacio de apreciaci\u00f3n cinematogr\u00e1fica invita a toda la comunidad a disfrutar desde las 18:30 horas y en forma gratuita en el Aula Magna del Campus Osorno, la adaptaci\u00f3n de esta obra cl\u00e1sica de terror llevada al cine por el director Francis Ford Coppola, \u201cDr\u00e1cula de Bram Stoker\u201d (1992).<\/p>\n\n\n\n<p>La cinta cuenta con la actuaci\u00f3n estelar y legendaria de Gary Oldman como el Conde Dr\u00e1cula, Winona Rider, Keanu Reeves y Anthony Hopkins.<\/p>\n\n\n\n<p>Oldman, que est\u00e1 pr\u00f3ximo a cumplir 65 a\u00f1os este mes, y con 40 a\u00f1os de una laureada carrera cinematogr\u00e1fica, ser\u00e1 el protagonista del primer ciclo del a\u00f1o, en el que se presentar\u00e1n obras como \u201cEl perfecto asesino\u201d (1994), \u201cAmada inmortal\u201d (1994) y \u201cThe firm\u201d (1988).<\/p>\n\n\n\n<p>SINOPSIS<\/p>\n\n\n\n<p>En el a\u00f1o 1890, el joven abogado Jonathan Harker (Keanu Reeves) viaja a un castillo perdido de Transilvania, donde conoce al conde Dr\u00e1cula (Gary Oldman), que en 1462 perdi\u00f3 a su amor, Elisabeta (Winona Rider). El conde, fascinado por una fotograf\u00eda de Mina Murray, la novia de Harker, que le recuerda a su Elisabeta, viaja hasta Londres \u00abcruzando oc\u00e9anos de tiempo\u00bb para conocerla. Ya en Inglaterra, intenta conquistar y seducir a Lucy, la mejor amiga de Mina. (FILMAFFINITY)<\/p>\n","protected":false},"excerpt":{"rendered":"<p>Este jueves 9 de marzo el Cine Club de la Universidad de Los Lagos dar\u00e1 inicio a la temporada 2023 con un ciclo dedicado a la filmograf\u00eda del premiado actor brit\u00e1nico Gary Oldman.<\/p>\n","protected":false},"author":1,"featured_media":10983,"comment_status":"closed","ping_status":"closed","sticky":false,"template":"","format":"standard","meta":{"footnotes":""},"categories":[10],"tags":[1580,107,337,273,247,133,84],"class_list":["post-10982","post","type-post","status-publish","format-standard","has-post-thumbnail","hentry","category-cultura","tag-cine","tag-cultura","tag-informacion","tag-noticias","tag-region-de-los-lagos","tag-semanario-local","tag-ulagos"],"_links":{"self":[{"href":"https:\/\/www.semanariolocal.cl\/index.php?rest_route=\/wp\/v2\/posts\/10982","targetHints":{"allow":["GET"]}}],"collection":[{"href":"https:\/\/www.semanariolocal.cl\/index.php?rest_route=\/wp\/v2\/posts"}],"about":[{"href":"https:\/\/www.semanariolocal.cl\/index.php?rest_route=\/wp\/v2\/types\/post"}],"author":[{"embeddable":true,"href":"https:\/\/www.semanariolocal.cl\/index.php?rest_route=\/wp\/v2\/users\/1"}],"replies":[{"embeddable":true,"href":"https:\/\/www.semanariolocal.cl\/index.php?rest_route=%2Fwp%2Fv2%2Fcomments&post=10982"}],"version-history":[{"count":1,"href":"https:\/\/www.semanariolocal.cl\/index.php?rest_route=\/wp\/v2\/posts\/10982\/revisions"}],"predecessor-version":[{"id":10984,"href":"https:\/\/www.semanariolocal.cl\/index.php?rest_route=\/wp\/v2\/posts\/10982\/revisions\/10984"}],"wp:featuredmedia":[{"embeddable":true,"href":"https:\/\/www.semanariolocal.cl\/index.php?rest_route=\/wp\/v2\/media\/10983"}],"wp:attachment":[{"href":"https:\/\/www.semanariolocal.cl\/index.php?rest_route=%2Fwp%2Fv2%2Fmedia&parent=10982"}],"wp:term":[{"taxonomy":"category","embeddable":true,"href":"https:\/\/www.semanariolocal.cl\/index.php?rest_route=%2Fwp%2Fv2%2Fcategories&post=10982"},{"taxonomy":"post_tag","embeddable":true,"href":"https:\/\/www.semanariolocal.cl\/index.php?rest_route=%2Fwp%2Fv2%2Ftags&post=10982"}],"curies":[{"name":"wp","href":"https:\/\/api.w.org\/{rel}","templated":true}]}}