{"id":10967,"date":"2023-03-06T07:19:00","date_gmt":"2023-03-06T10:19:00","guid":{"rendered":"https:\/\/www.semanariolocal.cl\/?p=10967"},"modified":"2023-03-06T20:31:04","modified_gmt":"2023-03-06T23:31:04","slug":"diputados-udi-acusan-abandono-del-gobierno-en-materia-habitacional","status":"publish","type":"post","link":"https:\/\/www.semanariolocal.cl\/?p=10967","title":{"rendered":"<strong>Diputados UDI acusan \u201cabandono\u201d del Gobierno en materia habitacional<\/strong>"},"content":{"rendered":"\n<p>Los diputados de la UDI que integrante la comisi\u00f3n de Vivienda, Desarrollo Urbano y Bienes Nacionales de la C\u00e1mara Baja, Juan Manuel Fuenzalida y Sergio Bobadilla, acusaron un \u201cgrave abandono\u201d por parte del Gobierno en materia habitacional, luego que durante el a\u00f1o 2022 -desde marzo en adelante- s\u00f3lo se entregaran 39.475 viviendas a lo largo del pa\u00eds, lo que significa una disminuci\u00f3n de un 33% en comparaci\u00f3n al promedio de 60 mil viviendas de los a\u00f1os anteriores.<\/p>\n\n\n\n<p>Al respecto, si bien los parlamentarios gremialistas reconocieron que hubo distintas situaciones que impactaron en el \u00e1rea de la construcci\u00f3n, aseguraron que ninguna de ellas \u201cjustifican\u201d el retraso que ha sufrido la pol\u00edtica habitacional, sobre todo considerando que durante los \u00faltimos d\u00edas el propio ministro de Vivienda, Carlos Montes, reconoci\u00f3 que el d\u00e9ficit superaba las 650 mil viviendas.<\/p>\n\n\n\n<p>\u201cCuando decimos que el Gobierno tiene un grave problema de gesti\u00f3n producto de la inexperiencia de sus autoridades, no s\u00f3lo lo padecimos con los incendios forestales que afecta al sur de nuestro pa\u00eds, sino que tambi\u00e9n lo vemos reflejado en materia habitacional, donde ni siquiera han sido capaces de cumplir con su propio compromiso de campa\u00f1a y, por el contrario, han relegado a un segundo plano una situaci\u00f3n que involucra a miles de familias de clase media y m\u00e1s vulnerables de Chile, que tiene que ver con el sue\u00f1o de la casa propia\u201d, cuestionaron los diputados de la UDI.<\/p>\n\n\n\n<p>Por lo mismo, y considerando que el compromiso del Ejecutivo era construir 260 mil viviendas durante su administraci\u00f3n (65 mil por a\u00f1o), Fuenzalida y Bobadilla oficiaron al titular del Minvu para que informe los detalles sobre la pol\u00edtica habitacional del Gobierno y el cronograma definido para este y los pr\u00f3ximos a\u00f1os, advirtiendo que \u201csi tienen conocimiento de que no podr\u00e1n cumplir con su promesa de campa\u00f1a, tomando en cuenta que ni siquiera lograron mantener el ritmo de construcci\u00f3n de los a\u00f1os anteriores, tienen la obligaci\u00f3n de transparent\u00e1rselo a todos los chilenos\u201d.<\/p>\n\n\n\n<p>\u201cEs urgente que el Ejecutivo mejore su capacidad de gesti\u00f3n en \u00e1reas tan sensibles como el habitacional. Hoy tenemos un grave d\u00e9ficit en nuestro pa\u00eds, de m\u00e1s de 650 mil viviendas, que incluso aumentar\u00e1 producto de las emergencias forestales. Por lo tanto, las actuales autoridades no pueden seguir de brazos cruzados sin ofrecer ni implementar ninguna soluci\u00f3n que sea efectiva y real\u201d, insistieron los parlamentarios gremialistas, quienes anunciaron que tambi\u00e9n solicitar\u00e1n que la comisi\u00f3n de Vivienda oficie al ministro Montes y lo cite para que d\u00e9 cuenta de la grave situaci\u00f3n.<\/p>\n\n\n\n<p>\u201cPrimero, el ministro de Vivienda tiene la obligaci\u00f3n de informarnos por qu\u00e9 se registr\u00f3 una dr\u00e1stica disminuci\u00f3n en la entrega de viviendas durante la actual administraci\u00f3n. Y segundo, tiene la responsabilidad de dar a conocer los planes y programas que impulsar\u00e1 el Ejecutivo, no s\u00f3lo para dar cumplimiento con su promesa de campa\u00f1a, sino que tambi\u00e9n para trazar una hoja de ruta que permita enfrentar el este grave d\u00e9ficit en el mediano y corto plazo\u201d, se\u00f1alaron Fuenzalida y Bobadilla.<\/p>\n","protected":false},"excerpt":{"rendered":"<p>Juan Manuel Fuenzalida y Sergio Bobadilla calificaron como \u201cabsolutamente insuficientes\u201d las casi 40 mil unidades construidas en 2022, lo que representa una disminuci\u00f3n de un 33% en comparaci\u00f3n al promedio de 60 mil viviendas que se entregaban en los a\u00f1os anteriores. <\/p>\n","protected":false},"author":1,"featured_media":10968,"comment_status":"closed","ping_status":"closed","sticky":false,"template":"","format":"standard","meta":{"footnotes":""},"categories":[6],"tags":[985,337,273,247,133,52],"class_list":["post-10967","post","type-post","status-publish","format-standard","has-post-thumbnail","hentry","category-politica","tag-diputados-udi","tag-informacion","tag-noticias","tag-region-de-los-lagos","tag-semanario-local","tag-udi"],"_links":{"self":[{"href":"https:\/\/www.semanariolocal.cl\/index.php?rest_route=\/wp\/v2\/posts\/10967","targetHints":{"allow":["GET"]}}],"collection":[{"href":"https:\/\/www.semanariolocal.cl\/index.php?rest_route=\/wp\/v2\/posts"}],"about":[{"href":"https:\/\/www.semanariolocal.cl\/index.php?rest_route=\/wp\/v2\/types\/post"}],"author":[{"embeddable":true,"href":"https:\/\/www.semanariolocal.cl\/index.php?rest_route=\/wp\/v2\/users\/1"}],"replies":[{"embeddable":true,"href":"https:\/\/www.semanariolocal.cl\/index.php?rest_route=%2Fwp%2Fv2%2Fcomments&post=10967"}],"version-history":[{"count":1,"href":"https:\/\/www.semanariolocal.cl\/index.php?rest_route=\/wp\/v2\/posts\/10967\/revisions"}],"predecessor-version":[{"id":10969,"href":"https:\/\/www.semanariolocal.cl\/index.php?rest_route=\/wp\/v2\/posts\/10967\/revisions\/10969"}],"wp:featuredmedia":[{"embeddable":true,"href":"https:\/\/www.semanariolocal.cl\/index.php?rest_route=\/wp\/v2\/media\/10968"}],"wp:attachment":[{"href":"https:\/\/www.semanariolocal.cl\/index.php?rest_route=%2Fwp%2Fv2%2Fmedia&parent=10967"}],"wp:term":[{"taxonomy":"category","embeddable":true,"href":"https:\/\/www.semanariolocal.cl\/index.php?rest_route=%2Fwp%2Fv2%2Fcategories&post=10967"},{"taxonomy":"post_tag","embeddable":true,"href":"https:\/\/www.semanariolocal.cl\/index.php?rest_route=%2Fwp%2Fv2%2Ftags&post=10967"}],"curies":[{"name":"wp","href":"https:\/\/api.w.org\/{rel}","templated":true}]}}