{"id":10961,"date":"2023-03-06T08:00:00","date_gmt":"2023-03-06T11:00:00","guid":{"rendered":"https:\/\/www.semanariolocal.cl\/?p=10961"},"modified":"2023-03-06T19:12:26","modified_gmt":"2023-03-06T22:12:26","slug":"diputado-barria-el-super-lunes-fue-preocupacion-para-el-gobierno-solo-en-santiago","status":"publish","type":"post","link":"https:\/\/www.semanariolocal.cl\/?p=10961","title":{"rendered":"Diputado Barr\u00eda; \u201cEl super lunes fue preocupaci\u00f3n para el Gobierno solo en Santiago\u201d."},"content":{"rendered":"\n<p>El Diputado Barr\u00eda se refiere al \u201csuper lunes\u201d vivido en las distintas comunas de la Regi\u00f3n;&nbsp;<strong><em>\u201cHemos recibido nuevamente reportes de problemas del transporte p\u00fablico en diversos sectores de la comuna de Osorno, tambi\u00e9n intercomunales e interprovinciales; situaciones como la de Llanquihue \u2013 Fresia, o Puerto Varas \u2013 Puerto Montt\u201d.<\/em><\/strong><\/p>\n\n\n\n<p><strong><em>\u201cParece que el \u201csuper lunes\u201d era materia solamente para Santiago, la preocupaci\u00f3n de los Ministerios y del Gobierno estuvo centrada en la Capital. Pero por otra parte, tambi\u00e9n tenemos autoridades a nivel regional, como lo es el Seremi de Transporte, que est\u00e1 en conocimiento de las diversas situaciones que afectan a los habitantes en nuestra regi\u00f3n, como lo son la situaci\u00f3n de Rahue, de Ovejer\u00eda, los problemas que afectan a los vecinos y vecinas de Frutillar que necesitan llegar a Puerto Montt, o el transporte de Purranque y R\u00edo Negro hacia Osorno.<\/em><\/strong><\/p>\n\n\n\n<p>En mismo sentido, el Diputado Barr\u00eda coment\u00f3;<strong><em>&nbsp;\u201cPedimos la misma responsabilidad que se tiene con Santiago, para nuestras comunas de la Regi\u00f3n de los Lagos. Era obvio lo que hoy d\u00eda lunes iba a suceder, el retorno de los estudiantes a sus establecimientos educacionales, el fin del periodo de vacaciones, la recuperaci\u00f3n de la normalidad post pandemia. Era una situaci\u00f3n que ameritaba reuniones de coordinaci\u00f3n y estas por lo visto no se realizaron\u201d<\/em><\/strong><\/p>\n\n\n\n<p>Finalmente el Diputado Barr\u00eda agreg\u00f3;&nbsp;<strong><em>\u201dReiteramos el llamado al ejecutivo a nivel regional para que se ponga las pilas. El a\u00f1o pasado tuvimos problemas de transporte durante todo el a\u00f1o, en los sectores rurales y en las ciudades. Es tiempo de actuar con mayor diligencia y proactividad. El \u00absuper lunes\u00bb que aparece hoy en los matinales, no solo se vive en Santiago, sino que tambi\u00e9n en todas las comunas del sur de nuestro pa\u00eds\u201d.<\/em><\/strong><\/p>\n","protected":false},"excerpt":{"rendered":"<p>Parlamentario lament\u00f3 la falta de un plan de contingencia de transporte p\u00fablico para el super lunes. \u201cPedimos la misma responsabilidad que se tiene con Santiago, para nuestras comunas de la Regi\u00f3n de los Lagos.\u00bb, indic\u00f3 el parlamentario <\/p>\n","protected":false},"author":1,"featured_media":10962,"comment_status":"closed","ping_status":"closed","sticky":false,"template":"","format":"standard","meta":{"footnotes":""},"categories":[3],"tags":[187,337,273,247,133,1566],"class_list":["post-10961","post","type-post","status-publish","format-standard","has-post-thumbnail","hentry","category-al-dia","tag-diputado","tag-informacion","tag-noticias","tag-region-de-los-lagos","tag-semanario-local","tag-super-lunes"],"_links":{"self":[{"href":"https:\/\/www.semanariolocal.cl\/index.php?rest_route=\/wp\/v2\/posts\/10961","targetHints":{"allow":["GET"]}}],"collection":[{"href":"https:\/\/www.semanariolocal.cl\/index.php?rest_route=\/wp\/v2\/posts"}],"about":[{"href":"https:\/\/www.semanariolocal.cl\/index.php?rest_route=\/wp\/v2\/types\/post"}],"author":[{"embeddable":true,"href":"https:\/\/www.semanariolocal.cl\/index.php?rest_route=\/wp\/v2\/users\/1"}],"replies":[{"embeddable":true,"href":"https:\/\/www.semanariolocal.cl\/index.php?rest_route=%2Fwp%2Fv2%2Fcomments&post=10961"}],"version-history":[{"count":1,"href":"https:\/\/www.semanariolocal.cl\/index.php?rest_route=\/wp\/v2\/posts\/10961\/revisions"}],"predecessor-version":[{"id":10963,"href":"https:\/\/www.semanariolocal.cl\/index.php?rest_route=\/wp\/v2\/posts\/10961\/revisions\/10963"}],"wp:featuredmedia":[{"embeddable":true,"href":"https:\/\/www.semanariolocal.cl\/index.php?rest_route=\/wp\/v2\/media\/10962"}],"wp:attachment":[{"href":"https:\/\/www.semanariolocal.cl\/index.php?rest_route=%2Fwp%2Fv2%2Fmedia&parent=10961"}],"wp:term":[{"taxonomy":"category","embeddable":true,"href":"https:\/\/www.semanariolocal.cl\/index.php?rest_route=%2Fwp%2Fv2%2Fcategories&post=10961"},{"taxonomy":"post_tag","embeddable":true,"href":"https:\/\/www.semanariolocal.cl\/index.php?rest_route=%2Fwp%2Fv2%2Ftags&post=10961"}],"curies":[{"name":"wp","href":"https:\/\/api.w.org\/{rel}","templated":true}]}}