{"id":10955,"date":"2023-03-05T08:05:00","date_gmt":"2023-03-05T11:05:00","guid":{"rendered":"https:\/\/www.semanariolocal.cl\/?p=10955"},"modified":"2023-03-06T17:09:25","modified_gmt":"2023-03-06T20:09:25","slug":"1-encuentro-de-mujeres-en-tecnologia-e-innovacion-convocara-a-lideres-femeninos","status":"publish","type":"post","link":"https:\/\/www.semanariolocal.cl\/?p=10955","title":{"rendered":"1\u00b0 Encuentro de Mujeres en Tecnolog\u00eda e Innovaci\u00f3n convocar\u00e1 a l\u00edderes femeninos"},"content":{"rendered":"\n<p>El pr\u00f3ximo 8 de marzo, D\u00eda de la Mujer, se realizar\u00e1 el \u201c1\u00b0 Encuentro de Mujeres en Tecnolog\u00eda e Innovaci\u00f3n en el Territorio\u201d, iniciativa&nbsp;organizada y ejecutada por el centro de Emprendimiento e Innovaci\u00f3n COWO y Duoc UC, junto al apoyo de Corfo y la Ilustre Municipalidad de Puerto Montt.<\/p>\n\n\n\n<p>La actividad -que se realizar\u00e1 desde las 9:30 horas en el Auditorio Duoc UC sede Puerto Montt- reunir\u00e1 a exitosas profesionales relacionadas al mundo de la investigaci\u00f3n, ciencia, industria y educaci\u00f3n, con quienes se har\u00e1 el lanzamiento de la Comunidad de Mujeres, para as\u00ed capacitar, educar continuamente, proporcionar competencias e inspirar a quienes buscan desenvolverse en el ecosistema de emprendimiento e innovaci\u00f3n y sectores econ\u00f3micos de nuestro territorio.<\/p>\n\n\n\n<p>De acuerdo al director de Corfo Los lagos, Gabriel P\u00e9rez, el encuentro se desarrollar\u00e1 dentro del contexto de la agenda de g\u00e9nero de Corfo \u201ccomo un espacio de encuentro&nbsp;<em>networking<\/em>, generaci\u00f3n de redes y contactos; as\u00ed como tambi\u00e9n, de transmisi\u00f3n de experiencia y conocimiento que permitir\u00e1 empoderar a la nueva generaci\u00f3n de emprendedoras y liderezas en las tecnolog\u00eda e innovaci\u00f3n del futuro\u201d.<\/p>\n\n\n\n<p>En esa l\u00ednea, para el director de COWO Puerto Montt, Julio Brintrup, esto es de gran relevancia acorde a la experiencia del centro de emprendimiento \u201cdonde hemos podido evidenciar el crecimiento notorio de emprendedoras e innovadoras que se est\u00e1n desarrollando en nuestro territorio y por ello, creemos que es muy relevante poder generar espacios de encuentro donde sean ellas las protagonistas y quienes se puedan articular, entendiendo que deben pasar por una serie de desaf\u00edos que van m\u00e1s all\u00e1 de los de un emprendedor como tal\u201d.<\/p>\n\n\n\n<p>A ello, Brintrup agreg\u00f3 que COWO espera entregarles apoyo y direccionamiento \u201cen funci\u00f3n de los requerimientos que tengan, esperando que esta iniciativa se replique en el tiempo y que se siga potenciando esta red de profesionales, expertas y referentes que son importantes de mostrar a la comunidad\u201d.<\/p>\n\n\n\n<p>Finalmente, el director de Duoc UC Sede Puerto Montt, Gonzalo Siade, destac\u00f3 la importancia de este encuentro, as\u00ed como el de visibilizar y potenciar el rol de la mujer en la tecnolog\u00eda y la innovaci\u00f3n, se\u00f1alando que \u201cfieles a nuestro prop\u00f3sito de formar personas para una sociedad mejor, como instituci\u00f3n tenemos&nbsp;un firme compromiso con el desarrollo de las capacidades de nuestras estudiantes en las diferentes disciplinas t\u00e9cnico-profesionales, especialmente en aquellos \u00e1mbitos donde tradicionalmente las mujeres han tenido menos espacios\u201d.<\/p>\n\n\n\n<p>M\u00e1s informaci\u00f3n e inscripci\u00f3n al evento en el siguiente link<\/p>\n\n\n\n<p><strong><a href=\"https:\/\/cowo.cl\/evento\/1-encuentro-de-mujeres-en-tecnologia-e-innovacion-en-el-territorio\/\" target=\"_blank\" rel=\"noreferrer noopener\">https:\/\/cowo.cl\/evento\/1-encuentro-de-mujeres-en-tecnologia-e-innovacion-en-el-territorio\/<\/a><\/strong><\/p>\n\n\n\n<p><strong>Programa 1\u00b0 Encuentro de Mujeres en Tecnolog\u00eda e Innovaci\u00f3n en el Territorio<\/strong><\/p>\n\n\n\n<p>Fecha:&nbsp; mi\u00e9rcoles 08 de marzo de 2023 de 09.30 a 12.00 horas<br><\/p>\n\n\n\n<p>09.30 &#8211; 10.00&nbsp;&nbsp; Acreditaci\u00f3n y Coffe Break.<\/p>\n\n\n\n<p>10.00 &#8211; 10.15&nbsp;&nbsp; Bienvenida y Saludos protocolares.<\/p>\n\n\n\n<p>10.15 \u2013 10.30&nbsp; Contextualizaci\u00f3n \u2013 Carolina Ojeda \u201cEnsicloud\u201d.<\/p>\n\n\n\n<p>10.30 &#8211; 11.00&nbsp;&nbsp; Charla 01 \u2013 Ximena Navarro \u201cBioled\u201d.<\/p>\n\n\n\n<p>11.00 &#8211; 11.30&nbsp;&nbsp; Charla 02 \u2013 Marcela Bravo \u201cSalmonChile\u201d<\/p>\n\n\n\n<p>11.30 &#8211; 11.50&nbsp;&nbsp; Charla 03 \u2013 Romina Cayumil \u201cDuocUC\u201d.<\/p>\n\n\n\n<p>11.55 &#8211; 12.25&nbsp;&nbsp; Panel de Participaci\u00f3n Femenina.<\/p>\n\n\n\n<p>&nbsp;&nbsp; 12.25 \u2013 12.30&nbsp;&nbsp; Creaci\u00f3n de Comunidad de Mujeres y cierre.<\/p>\n","protected":false},"excerpt":{"rendered":"<p>El objetivo es crear una comunidad a nivel local para potenciar el trabajo de mujeres referentes en \u00e1reas que com\u00fanmente est\u00e1n asociadas a labores masculinas.<\/p>\n","protected":false},"author":1,"featured_media":10956,"comment_status":"closed","ping_status":"closed","sticky":false,"template":"","format":"standard","meta":{"footnotes":""},"categories":[3],"tags":[337,273,247,133],"class_list":["post-10955","post","type-post","status-publish","format-standard","has-post-thumbnail","hentry","category-al-dia","tag-informacion","tag-noticias","tag-region-de-los-lagos","tag-semanario-local"],"_links":{"self":[{"href":"https:\/\/www.semanariolocal.cl\/index.php?rest_route=\/wp\/v2\/posts\/10955","targetHints":{"allow":["GET"]}}],"collection":[{"href":"https:\/\/www.semanariolocal.cl\/index.php?rest_route=\/wp\/v2\/posts"}],"about":[{"href":"https:\/\/www.semanariolocal.cl\/index.php?rest_route=\/wp\/v2\/types\/post"}],"author":[{"embeddable":true,"href":"https:\/\/www.semanariolocal.cl\/index.php?rest_route=\/wp\/v2\/users\/1"}],"replies":[{"embeddable":true,"href":"https:\/\/www.semanariolocal.cl\/index.php?rest_route=%2Fwp%2Fv2%2Fcomments&post=10955"}],"version-history":[{"count":1,"href":"https:\/\/www.semanariolocal.cl\/index.php?rest_route=\/wp\/v2\/posts\/10955\/revisions"}],"predecessor-version":[{"id":10957,"href":"https:\/\/www.semanariolocal.cl\/index.php?rest_route=\/wp\/v2\/posts\/10955\/revisions\/10957"}],"wp:featuredmedia":[{"embeddable":true,"href":"https:\/\/www.semanariolocal.cl\/index.php?rest_route=\/wp\/v2\/media\/10956"}],"wp:attachment":[{"href":"https:\/\/www.semanariolocal.cl\/index.php?rest_route=%2Fwp%2Fv2%2Fmedia&parent=10955"}],"wp:term":[{"taxonomy":"category","embeddable":true,"href":"https:\/\/www.semanariolocal.cl\/index.php?rest_route=%2Fwp%2Fv2%2Fcategories&post=10955"},{"taxonomy":"post_tag","embeddable":true,"href":"https:\/\/www.semanariolocal.cl\/index.php?rest_route=%2Fwp%2Fv2%2Ftags&post=10955"}],"curies":[{"name":"wp","href":"https:\/\/api.w.org\/{rel}","templated":true}]}}