{"id":10952,"date":"2023-03-05T10:00:00","date_gmt":"2023-03-05T13:00:00","guid":{"rendered":"https:\/\/www.semanariolocal.cl\/?p=10952"},"modified":"2023-03-06T11:27:39","modified_gmt":"2023-03-06T14:27:39","slug":"fundacion-las-rosas-vuelve-el-seguro-obligatorio-que-permite-ayudar-a-las-personas-mayores","status":"publish","type":"post","link":"https:\/\/www.semanariolocal.cl\/?p=10952","title":{"rendered":"Fundaci\u00f3n Las Rosas: Vuelve el seguro obligatorio que permite ayudar a las personas mayores"},"content":{"rendered":"\n<p>Durante los meses de febrero y marzo se reactiva en todo el pa\u00eds la venta del Seguro Obligatorio de Accidentes Personales (SOAP), el cual entrega cobertura ante lesiones o fallecimiento, a causa de un accidente automovil\u00edstico. Se trata de un requisito ineludible para todas las personas y empresas que poseen veh\u00edculos y transitan por las v\u00edas de nuestro pa\u00eds.&nbsp;<\/p>\n\n\n\n<p>Este a\u00f1o, Fundaci\u00f3n Las Rosas vuelve con el \u201cSeguro+Bueno\u201d que, adem\u00e1s de entregar las coberturas que exige la normativa, \u201cCubre de Alegr\u00eda, Amor y Felicidad\u201d a quienes lo contratan, pues permite tender una mano fraterna a las personas mayores que m\u00e1s nos necesitan, especialmente ante el complejo tiempo que atraviesa la econom\u00eda.<\/p>\n\n\n\n<p>\u201cEstos han sido a\u00f1os tremendamente duros para todos en lo econ\u00f3mico, m\u00e1s a\u00fan para nuestros Hogares cuyos insumos b\u00e1sicos se han elevado fuertemente, tal como sucede en las casas de todos nosotros; por eso el llamado es a cumplir con la obligaci\u00f3n de comprar el SOAP 2023 y darle adem\u00e1s un sentido solidario, al apoyar el cuidado de las personas mayores que viven en la Fundaci\u00f3n\u201d, explica la Directora de Desarrollo de Fundaci\u00f3n Las Rosas, Tatiana Viveros.<\/p>\n\n\n\n<h2 class=\"wp-block-heading\"><strong>Donaciones<\/strong><\/h2>\n\n\n\n<p>\u201cEl Seguro + Bueno\u201d permite contratar el SOAP 2023 en sitio web de la Fundaci\u00f3n www.fundacionlasrosas.cl y, al mismo tiempo, poder sumar un aporte solidario en beneficio del cuidado diario de los residentes. Estos aportes se suman al valor base de cada p\u00f3liza, ya sea para auto, moto, cami\u00f3n u otro tipo de veh\u00edculo motorizado. \u201cNecesitamos una vez m\u00e1s del apoyo de todos; esperamos que tengan presente a las personas mayores que entregaron su vida y su esfuerzo para construir la sociedad en la que hoy vivimos. Ahora ellos necesitan de nosotros\u201d, remarca la directora.<\/p>\n\n\n\n<p>El tr\u00e1mite para contratar el SOAP 2023 es 100% online y se realiza a trav\u00e9s del sitio de la instituci\u00f3n <a href=\"http:\/\/www.fundacionlasrosas.cl\">www.fundacionlasrosas.cl<\/a>. Quienes quieran ayudar contratando el \u201cSeguro + Bueno\u201d, lo pueden hacer desde su computador o tel\u00e9fono m\u00f3vil y recibir\u00e1n el documento final del seguro en su correo electr\u00f3nico.<\/p>\n","protected":false},"excerpt":{"rendered":"<p>Las 2.000 personas mayores residentes en Fundaci\u00f3n Las Rosas ser\u00e1n beneficiadas con los aportes solidarios de quienes contraten el Seguro Obligatorio de Accidentes Personales SOAP 2023.<\/p>\n","protected":false},"author":1,"featured_media":10953,"comment_status":"closed","ping_status":"closed","sticky":false,"template":"","format":"standard","meta":{"footnotes":""},"categories":[3],"tags":[337,273,247,133],"class_list":["post-10952","post","type-post","status-publish","format-standard","has-post-thumbnail","hentry","category-al-dia","tag-informacion","tag-noticias","tag-region-de-los-lagos","tag-semanario-local"],"_links":{"self":[{"href":"https:\/\/www.semanariolocal.cl\/index.php?rest_route=\/wp\/v2\/posts\/10952","targetHints":{"allow":["GET"]}}],"collection":[{"href":"https:\/\/www.semanariolocal.cl\/index.php?rest_route=\/wp\/v2\/posts"}],"about":[{"href":"https:\/\/www.semanariolocal.cl\/index.php?rest_route=\/wp\/v2\/types\/post"}],"author":[{"embeddable":true,"href":"https:\/\/www.semanariolocal.cl\/index.php?rest_route=\/wp\/v2\/users\/1"}],"replies":[{"embeddable":true,"href":"https:\/\/www.semanariolocal.cl\/index.php?rest_route=%2Fwp%2Fv2%2Fcomments&post=10952"}],"version-history":[{"count":1,"href":"https:\/\/www.semanariolocal.cl\/index.php?rest_route=\/wp\/v2\/posts\/10952\/revisions"}],"predecessor-version":[{"id":10954,"href":"https:\/\/www.semanariolocal.cl\/index.php?rest_route=\/wp\/v2\/posts\/10952\/revisions\/10954"}],"wp:featuredmedia":[{"embeddable":true,"href":"https:\/\/www.semanariolocal.cl\/index.php?rest_route=\/wp\/v2\/media\/10953"}],"wp:attachment":[{"href":"https:\/\/www.semanariolocal.cl\/index.php?rest_route=%2Fwp%2Fv2%2Fmedia&parent=10952"}],"wp:term":[{"taxonomy":"category","embeddable":true,"href":"https:\/\/www.semanariolocal.cl\/index.php?rest_route=%2Fwp%2Fv2%2Fcategories&post=10952"},{"taxonomy":"post_tag","embeddable":true,"href":"https:\/\/www.semanariolocal.cl\/index.php?rest_route=%2Fwp%2Fv2%2Ftags&post=10952"}],"curies":[{"name":"wp","href":"https:\/\/api.w.org\/{rel}","templated":true}]}}