{"id":10907,"date":"2023-03-03T07:20:56","date_gmt":"2023-03-03T10:20:56","guid":{"rendered":"https:\/\/www.semanariolocal.cl\/?p=10907"},"modified":"2023-03-03T10:48:33","modified_gmt":"2023-03-03T13:48:33","slug":"camara-de-diputados-analizara-intencionalidad-de-incendios-forestales","status":"publish","type":"post","link":"https:\/\/www.semanariolocal.cl\/?p=10907","title":{"rendered":"C\u00e1mara de diputados analizar\u00e1 intencionalidad de incendios forestales"},"content":{"rendered":"\n<p class=\"wp-block-paragraph\">La Comisi\u00f3n de Agricultura ser\u00e1 el primer organismo de la C\u00e1mara de Diputados en abrir el a\u00f1o legislativo 2023 la ma\u00f1ana de este lunes 6 de marzo para analizar acuciosamente el origen, las posibles causas y el dantesco da\u00f1o ocasionado por los mega incendios de la zona centro sur del territorio nacional.<\/p>\n\n\n\n<p class=\"wp-block-paragraph\">Esta tambi\u00e9n ser\u00e1 la primera instancia oficial donde participar\u00e1 activamente la Diputada por la Regi\u00f3n de los Lagos, Emilia Nuyado Ancapichun, tras reintegrarse al trabajo legislativo luego de haber permanecido en reposo a consecuencia de una intervenci\u00f3n quir\u00fargica.<\/p>\n\n\n\n<p class=\"wp-block-paragraph\">Se trata de la sesi\u00f3n n\u00famero 52 de la Comisi\u00f3n de Agricultura, Silvicultura y Desarrollo Rural \u2013 indica el documento- el que se efectuar\u00e1 entre las 11 de la ma\u00f1ana y las 13 horas en el Congreso Nacional.<\/p>\n\n\n\n<p class=\"wp-block-paragraph\">La Diputada Emilia Nuyado, se\u00f1al\u00f3 que la sesi\u00f3n tiene por objeto conocer los efectos causados por los incendios forestales en la agricultura. A la reuni\u00f3n han sido invitados el Ministro de Agricultura y por su intermedio, el Director Nacional de la Corporaci\u00f3n Nacional Forestales (Conaf) y profesionales de \u00e1rea.<\/p>\n","protected":false},"excerpt":{"rendered":"<p>Se trata de la sesi\u00f3n n\u00famero 52 de la Comisi\u00f3n de Agricultura, Silvicultura y Desarrollo Rural \u2013 indica el documento- el que se efectuar\u00e1 entre las 11 de la ma\u00f1ana y las 13 horas en el Congreso Nacional.<\/p>\n","protected":false},"author":1,"featured_media":10908,"comment_status":"closed","ping_status":"closed","sticky":false,"template":"","format":"standard","meta":{"footnotes":""},"categories":[3],"tags":[1544,583,974,1461,337,273,247,133],"class_list":["post-10907","post","type-post","status-publish","format-standard","has-post-thumbnail","hentry","category-al-dia","tag-comision-de-agricultura","tag-conaf","tag-diputados","tag-incendios-forestales","tag-informacion","tag-noticias","tag-region-de-los-lagos","tag-semanario-local"],"_links":{"self":[{"href":"https:\/\/www.semanariolocal.cl\/index.php?rest_route=\/wp\/v2\/posts\/10907","targetHints":{"allow":["GET"]}}],"collection":[{"href":"https:\/\/www.semanariolocal.cl\/index.php?rest_route=\/wp\/v2\/posts"}],"about":[{"href":"https:\/\/www.semanariolocal.cl\/index.php?rest_route=\/wp\/v2\/types\/post"}],"author":[{"embeddable":true,"href":"https:\/\/www.semanariolocal.cl\/index.php?rest_route=\/wp\/v2\/users\/1"}],"replies":[{"embeddable":true,"href":"https:\/\/www.semanariolocal.cl\/index.php?rest_route=%2Fwp%2Fv2%2Fcomments&post=10907"}],"version-history":[{"count":1,"href":"https:\/\/www.semanariolocal.cl\/index.php?rest_route=\/wp\/v2\/posts\/10907\/revisions"}],"predecessor-version":[{"id":10909,"href":"https:\/\/www.semanariolocal.cl\/index.php?rest_route=\/wp\/v2\/posts\/10907\/revisions\/10909"}],"wp:featuredmedia":[{"embeddable":true,"href":"https:\/\/www.semanariolocal.cl\/index.php?rest_route=\/wp\/v2\/media\/10908"}],"wp:attachment":[{"href":"https:\/\/www.semanariolocal.cl\/index.php?rest_route=%2Fwp%2Fv2%2Fmedia&parent=10907"}],"wp:term":[{"taxonomy":"category","embeddable":true,"href":"https:\/\/www.semanariolocal.cl\/index.php?rest_route=%2Fwp%2Fv2%2Fcategories&post=10907"},{"taxonomy":"post_tag","embeddable":true,"href":"https:\/\/www.semanariolocal.cl\/index.php?rest_route=%2Fwp%2Fv2%2Ftags&post=10907"}],"curies":[{"name":"wp","href":"https:\/\/api.w.org\/{rel}","templated":true}]}}