{"id":10888,"date":"2023-03-02T15:25:00","date_gmt":"2023-03-02T18:25:00","guid":{"rendered":"https:\/\/www.semanariolocal.cl\/?p=10888"},"modified":"2023-03-02T17:47:59","modified_gmt":"2023-03-02T20:47:59","slug":"reducir-la-discriminacion-de-genero-en-espacios-laborales-rurales","status":"publish","type":"post","link":"https:\/\/www.semanariolocal.cl\/?p=10888","title":{"rendered":"<strong>Reducir la discriminaci\u00f3n de g\u00e9nero en espacios laborales rurales<\/strong>"},"content":{"rendered":"\n<p>El d\u00eda internacional de la Cero Discriminaci\u00f3n proclamado por la ONU en 2013, declar\u00f3 el 1 de marzo como el d\u00eda para promover pr\u00e1cticas igualitarias y de no discriminaci\u00f3n. En Chile, este 1 de marzo, conmemoramos por primera vez el D\u00eda de la Inclusi\u00f3n Social y la No Discriminaci\u00f3n, aprobado por el Congreso Nacional, inserto en la ley 20.609 -conocida popularmente como Ley Zamudio-, que define la discriminaci\u00f3n como toda distinci\u00f3n, exclusi\u00f3n o restricci\u00f3n que carezca de justificaci\u00f3n razonable, y que cause privaci\u00f3n, perturbaci\u00f3n o amenaza en el ejercicio leg\u00edtimo de los derechos fundamentales establecidos en la Constituci\u00f3n Pol\u00edtica de la Rep\u00fablica o tratados internacionales sobre derechos humanos ratificados por Chile.<\/p>\n\n\n\n<p>Uno de los instrumentos internacionales m\u00e1s relevantes en g\u00e9nero es la CEDAW (Convenci\u00f3n para la Eliminaci\u00f3n de todas las formas de discriminaci\u00f3n en contra de las mujeres) ratificada por Chile en 1989. La que se\u00f1ala que existe discriminaci\u00f3n de g\u00e9nero cuando se produce distinci\u00f3n, exclusi\u00f3n o restricci\u00f3n basada en el sexo, que tenga por objeto o resultado menoscabar o anular el reconocimiento o ejercicio de derechos por parte de las mujeres. Diversos estudios realizados en el mercado laboral agr\u00edcola en la zona central de Chile, en los que hemos participado por m\u00e1s de dos d\u00e9cadas, han evidenciado importantes brechas y barreras de g\u00e9nero que afectan negativamente a las mujeres rurales, en materias como acceso al empleo permanente, ingresos monetarios, condiciones de trabajo y seguridad social, condiciones ambientales y de higiene ocupacional, acceso a cargos de jerarqu\u00eda y tensiones derivadas de la baja conciliaci\u00f3n de las demandas laborales y familiares, agudizada en los per\u00edodos de temporada, cuando cesan los establecimientos escolares y de apoyo al cuidado infantil.<\/p>\n\n\n\n<p>La entrada de las mujeres rurales al mercado de trabajo asalariado agr\u00edcola ha permitido avanzar en autonom\u00eda econ\u00f3mica; sin embargo, ha sido conceptualizada como una forma de emancipaci\u00f3n precaria (Vald\u00e9s, 2020), si es que no se abordan con mayor ah\u00ednco las condiciones laborales generales de dicho mercado, as\u00ed como las discriminaciones de g\u00e9nero que se reproducen. Las que, por medio de investigaci\u00f3n fondecyt en curso (1210665), hemos observado se cruzan con otras discriminaciones, como las de raza y\/o nacionalidad, que experimentan mujeres rurales migrantes latinoamericanas. Queremos llamar la atenci\u00f3n, en esta importante fecha, en agudizar la preocupaci\u00f3n de los actores p\u00fablicos y privados por diagnosticar mejor la situaci\u00f3n de discriminaci\u00f3n del sector, de manera de mejorar las pol\u00edticas p\u00fablicas y las leyes. &nbsp;&nbsp;<\/p>\n\n\n\n<p><strong>Escrita por\u00a0Pamela Caro &#8211; Directora Centro de Investigaci\u00f3n y Estudio en Familia, Trabajo y Ciudadan\u00eda (CIELO)<\/strong><\/p>\n","protected":false},"excerpt":{"rendered":"<p>La entrada de las mujeres rurales al mercado de trabajo asalariado agr\u00edcola ha permitido avanzar en autonom\u00eda econ\u00f3mica; sin embargo, ha sido conceptualizada como una forma de emancipaci\u00f3n precaria (Vald\u00e9s, 2020),<\/p>\n","protected":false},"author":1,"featured_media":10889,"comment_status":"closed","ping_status":"closed","sticky":false,"template":"","format":"standard","meta":{"footnotes":""},"categories":[7],"tags":[],"class_list":["post-10888","post","type-post","status-publish","format-standard","has-post-thumbnail","hentry","category-opinion"],"_links":{"self":[{"href":"https:\/\/www.semanariolocal.cl\/index.php?rest_route=\/wp\/v2\/posts\/10888","targetHints":{"allow":["GET"]}}],"collection":[{"href":"https:\/\/www.semanariolocal.cl\/index.php?rest_route=\/wp\/v2\/posts"}],"about":[{"href":"https:\/\/www.semanariolocal.cl\/index.php?rest_route=\/wp\/v2\/types\/post"}],"author":[{"embeddable":true,"href":"https:\/\/www.semanariolocal.cl\/index.php?rest_route=\/wp\/v2\/users\/1"}],"replies":[{"embeddable":true,"href":"https:\/\/www.semanariolocal.cl\/index.php?rest_route=%2Fwp%2Fv2%2Fcomments&post=10888"}],"version-history":[{"count":1,"href":"https:\/\/www.semanariolocal.cl\/index.php?rest_route=\/wp\/v2\/posts\/10888\/revisions"}],"predecessor-version":[{"id":10890,"href":"https:\/\/www.semanariolocal.cl\/index.php?rest_route=\/wp\/v2\/posts\/10888\/revisions\/10890"}],"wp:featuredmedia":[{"embeddable":true,"href":"https:\/\/www.semanariolocal.cl\/index.php?rest_route=\/wp\/v2\/media\/10889"}],"wp:attachment":[{"href":"https:\/\/www.semanariolocal.cl\/index.php?rest_route=%2Fwp%2Fv2%2Fmedia&parent=10888"}],"wp:term":[{"taxonomy":"category","embeddable":true,"href":"https:\/\/www.semanariolocal.cl\/index.php?rest_route=%2Fwp%2Fv2%2Fcategories&post=10888"},{"taxonomy":"post_tag","embeddable":true,"href":"https:\/\/www.semanariolocal.cl\/index.php?rest_route=%2Fwp%2Fv2%2Ftags&post=10888"}],"curies":[{"name":"wp","href":"https:\/\/api.w.org\/{rel}","templated":true}]}}