{"id":10885,"date":"2023-03-02T15:30:00","date_gmt":"2023-03-02T18:30:00","guid":{"rendered":"https:\/\/www.semanariolocal.cl\/?p=10885"},"modified":"2023-03-02T17:47:40","modified_gmt":"2023-03-02T20:47:40","slug":"el-valor-de-una-olla","status":"publish","type":"post","link":"https:\/\/www.semanariolocal.cl\/?p=10885","title":{"rendered":"<strong>El valor de una olla<\/strong>"},"content":{"rendered":"\n<p>\u201cTenemos alimentos, nos ha llegado ayuda: lo que no tenemos son ollas, cucharones, platos, para cocinarlos\u201d, comentaba una madre, parada sobre lo que se salv\u00f3 del radier sobre el cual estaba su casa en el pueblo de Santa Juana, provincia de Concepci\u00f3n, reci\u00e9n ocurridos los megaincendios.<\/p>\n\n\n\n<p>La falta de una olla puede no parecer dram\u00e1tica frente a las ya m\u00e1s de 450 mil hect\u00e1reas, fundamentalmente en las regiones de Maule, \u00d1uble, Biob\u00edo y La Araucan\u00eda a causa del fuego, que ha alcanzado una intensidad much\u00edsimo mayor que la vista el a\u00f1o 2017 y con un nivel de afectaci\u00f3n que no cesa.<\/p>\n\n\n\n<p>Pero lo es.<\/p>\n\n\n\n<p>Forma parte del desamparo en que han quedado las familias, con sus vidas y sus rutinas laborales, dom\u00e9sticas, cotidianas, absolutamente trastornadas.<\/p>\n\n\n\n<p>La falta de agua \u2013un tremendo tema que ya est\u00e1 derivando en problemas de salud p\u00fablica, como las infecciones urinarias que est\u00e1n campeando entre las mujeres de las zonas devastadas\u2013; de conectividad \u2013se han quemado antenas de celulares y son muchos los que han perdido sus aparatos en medio de las evacuaciones, as\u00ed como los autos en que se movilizaban\u2013; de papeles para hacer tr\u00e1mites claves \u2013hemos visto cientos de casos de c\u00e9dulas de identidad, licencias de conducir y toda suerte de documentos convertidos en cenizas\u2013, son realidades que limitan la necesaria y r\u00e1pida reconstrucci\u00f3n.<\/p>\n\n\n\n<p>M\u00e1s, cuando los incendios no amainan. Y la urgencia est\u00e1 en apagarlos.<\/p>\n\n\n\n<p>Los n\u00fameros esta semana hablan de m\u00e1s de 2 mil casas destruidas, 7 mil damnificados, 24 personas muertas y 26 grandes quemados. Esto es: personas que han resultado con el 70 por ciento de su cuerpo quemado, quienes en la evacuaci\u00f3n han sido alcanzados por las llamas, como les sucedi\u00f3 a un adolescente y su abuela en Teodoro Schmidt, en La Araucan\u00eda.<\/p>\n\n\n\n<p>Traumas as\u00ed de profundos \u2013como la muerte de un ser querido, el verlo quemarse, la destrucci\u00f3n de lo material y lo inmaterial, como los recuerdos consumidos por las llamas\u2013, requieren con urgencia de una primera ayuda de emergencia. Esa es parte de lo que busca lograr nuestra campa\u00f1a #JUNTOSXCHILE: Mil millones para mil hogares: entregar apoyo social de primera respuesta a familias en situaci\u00f3n de vulnerabilidad que lo requieren para enfrentar la emergencia.<\/p>\n\n\n\n<p>Esto implica en lo concreto vincularlos con las redes territoriales; entregar informaci\u00f3n relevante; facilitar la entrega de ayuda material para la satisfacci\u00f3n de necesidades b\u00e1sicas y, quiz\u00e1s lo m\u00e1s importante, dar contenci\u00f3n emocional de primera respuesta y derivaci\u00f3n a especialistas. Esta tarea est\u00e1 a cargo de un coordinador, dos trabajadores sociales y cinco monitores de nuestra fundaci\u00f3n que estar\u00e1n trabajando en terreno en las regiones del centro sur donde tenemos presencia.&nbsp; &nbsp;<\/p>\n\n\n\n<p>Y volviendo a la falta de ollas y utensilios, que no es para nada un tema trivial, Hogar de Cristo, tal como hicimos para los megaincendios de 2017, habilitaremos interiormente las viviendas de emergencia con un kit que incluye una mesa de comedor con 4 sillas, un refrigerador de 175 litros, un microondas, un hervidor, toallas y vasos, que complementar\u00e1n los enseres que incluyen las casas provistas por el Estado.<\/p>\n\n\n\n<p>Resurgir de las cenizas no es f\u00e1cil, superar, como el Ave F\u00e9nix, un suceso traum\u00e1tico que trastoca la vida&nbsp; y la parte dram\u00e1ticamente en un antes-despu\u00e9s, el apoyo y la empat\u00eda de otros es clave. El sentir que no est\u00e1n solos en su desgracia.<\/p>\n\n\n\n<p>Los psic\u00f3logos hablan del crecimiento postraum\u00e1tico, que son cambios de car\u00e1cter positivo que las personas pueden llegar a experimentar tras haber vivido una tragedia como la actual. Para conseguir ese efecto virtuoso post cat\u00e1strofe es vital estar todos #JuntosXChile. Por ese Chile quemado que requiere ayuda.<\/p>\n\n\n\n<p><strong>Por Juan Crist\u00f3bal Romero, director ejecutivo del Hogar de Cristo<\/strong><\/p>\n","protected":false},"excerpt":{"rendered":"<p>Resurgir de las cenizas no es f\u00e1cil, superar, como el Ave F\u00e9nix, un suceso traum\u00e1tico que trastoca la vida\u00a0 y la parte dram\u00e1ticamente en un antes-despu\u00e9s, el apoyo y la empat\u00eda de otros es clave. El sentir que no est\u00e1n solos en su desgracia.<\/p>\n","protected":false},"author":1,"featured_media":10886,"comment_status":"closed","ping_status":"closed","sticky":false,"template":"","format":"standard","meta":{"footnotes":""},"categories":[7],"tags":[1194,337,1533,273,247,133],"class_list":["post-10885","post","type-post","status-publish","format-standard","has-post-thumbnail","hentry","category-opinion","tag-hogar-de-cristo","tag-informacion","tag-juan-cristobal-romero","tag-noticias","tag-region-de-los-lagos","tag-semanario-local"],"_links":{"self":[{"href":"https:\/\/www.semanariolocal.cl\/index.php?rest_route=\/wp\/v2\/posts\/10885","targetHints":{"allow":["GET"]}}],"collection":[{"href":"https:\/\/www.semanariolocal.cl\/index.php?rest_route=\/wp\/v2\/posts"}],"about":[{"href":"https:\/\/www.semanariolocal.cl\/index.php?rest_route=\/wp\/v2\/types\/post"}],"author":[{"embeddable":true,"href":"https:\/\/www.semanariolocal.cl\/index.php?rest_route=\/wp\/v2\/users\/1"}],"replies":[{"embeddable":true,"href":"https:\/\/www.semanariolocal.cl\/index.php?rest_route=%2Fwp%2Fv2%2Fcomments&post=10885"}],"version-history":[{"count":1,"href":"https:\/\/www.semanariolocal.cl\/index.php?rest_route=\/wp\/v2\/posts\/10885\/revisions"}],"predecessor-version":[{"id":10887,"href":"https:\/\/www.semanariolocal.cl\/index.php?rest_route=\/wp\/v2\/posts\/10885\/revisions\/10887"}],"wp:featuredmedia":[{"embeddable":true,"href":"https:\/\/www.semanariolocal.cl\/index.php?rest_route=\/wp\/v2\/media\/10886"}],"wp:attachment":[{"href":"https:\/\/www.semanariolocal.cl\/index.php?rest_route=%2Fwp%2Fv2%2Fmedia&parent=10885"}],"wp:term":[{"taxonomy":"category","embeddable":true,"href":"https:\/\/www.semanariolocal.cl\/index.php?rest_route=%2Fwp%2Fv2%2Fcategories&post=10885"},{"taxonomy":"post_tag","embeddable":true,"href":"https:\/\/www.semanariolocal.cl\/index.php?rest_route=%2Fwp%2Fv2%2Ftags&post=10885"}],"curies":[{"name":"wp","href":"https:\/\/api.w.org\/{rel}","templated":true}]}}