{"id":10838,"date":"2023-02-23T22:41:43","date_gmt":"2023-02-24T01:41:43","guid":{"rendered":"https:\/\/www.semanariolocal.cl\/?p=10838"},"modified":"2023-02-23T22:41:44","modified_gmt":"2023-02-24T01:41:44","slug":"municipio-osornino-aprobo-388-millones-para-transporte-escolar-rural-2023","status":"publish","type":"post","link":"https:\/\/www.semanariolocal.cl\/?p=10838","title":{"rendered":"Municipio osornino aprob\u00f3 $388 millones para transporte escolar rural 2023"},"content":{"rendered":"\n<p>Se trata de recursos dispuestos por el Departamento de Administraci\u00f3n de Educaci\u00f3n Municipal de Osorno (DAEM) y el Fondo de Apoyo de la Educaci\u00f3n P\u00fablica (FAEP), que permitir\u00e1 la contrataci\u00f3n de 18 l\u00edneas de recorrido, para el \u201cServicio de Transporte Escolar Exclusivo para Alumnos de Sectores Rurales Municipales, a Escuelas y Liceos de Osorno, a\u00f1o 2023\u201d, iniciativa que tiene una inversi\u00f3n que asciende, inicialmente, a $388 millones, 735 mil pesos.<\/p>\n\n\n\n<p>Fue en sesi\u00f3n ordinaria, donde el Honorable Concejo Municipal, que lidera el jefe comunal Emeterio Carrillo, aprob\u00f3 la adjudicaci\u00f3n de la propuesta p\u00fablica, resaltando el alcalde de Osorno, que la medida \u201c<strong><em>refleja el compromiso de la actual gesti\u00f3n edilicia con las comunidades rurales y el acceso la Educaci\u00f3n, donde nuestro sello es entregar las herramientas y apoyo necesario y oportuno para las y los estudiantes municipales, de forma que la localidad o distancia donde residen no sea impedimento para recibir formaci\u00f3n de calidad<\/em><\/strong>\u201d.<\/p>\n\n\n\n<p>Carrillo, a\u00f1adi\u00f3 que el transporte escolar rural \u201c<strong><em>junto con garantizar el acceso seguro a la Educaci\u00f3n, va en directo apoyo a la estabilidad econ\u00f3mica familiar, adem\u00e1s de potenciar el arraigo de los ni\u00f1os, ni\u00f1as y adolescentes con los sectores donde residen, quienes, al contar con este beneficio durante todo el a\u00f1o lectivo, priorizan nuestros establecimientos educacionales rurales<\/em><\/strong>\u201d.<\/p>\n\n\n\n<p>Por su parte, el director del Departamento de Administraci\u00f3n de la Educaci\u00f3n Municipal (DAEM), de Osorno, Mauricio Guti\u00e9rrez, explic\u00f3 que \u201c<strong><em>con la aprobaci\u00f3n del cuerpo colegiado, son 18 recorridos rurales que estar\u00e1n operativos para el inicio formal del a\u00f1o escolar, dando cumplimiento de esta forma, a una de las directrices instruidas por el jefe comunal que tiene que ver con abordar todas las \u00e1reas que permita que nuestros escolares puedan acudir sin contratiempos a los establecimientos educacionales. Beneficio que se suma a la adquisici\u00f3n de uniformes por m\u00e1s de 700 millones de pesos<\/em><\/strong>\u201d.<\/p>\n\n\n\n<p>Destacar que en total son 22 l\u00edneas de recorrido rural, cuatro de las cuales ser\u00e1n gestionadas por v\u00edas administrativas diferentes. En tanto, el transporte escolar, abarca sectores como: Central Pichidamas- Pailahueque; Radales; Pucoihue 2 (Ruta al mar); Tacam\u00f3- Las Carretas; Rupanquito; Pichil- Las Quemas- Chan Chan; Casa de Lata; Chacayal; Pelleco; Mulpulmo; Polloico; La Poza- Los Mel\u00edes; Las Lumas- Las Ruedas; La Florida- Junquillar; Trinquicahu\u00edn; Lumaco; Pichilcura, entre otros.<\/p>\n","protected":false},"excerpt":{"rendered":"<p>Gracias a la medida, ser\u00e1n trasladados diariamente, m\u00e1s de mil estudiantes a Escuelas, Liceos e Institutos Municipales.<\/p>\n","protected":false},"author":1,"featured_media":10839,"comment_status":"closed","ping_status":"closed","sticky":false,"template":"","format":"standard","meta":{"footnotes":""},"categories":[20,3,8],"tags":[337,273,247,133],"class_list":["post-10838","post","type-post","status-publish","format-standard","has-post-thumbnail","hentry","category-agro","category-al-dia","category-comunas","tag-informacion","tag-noticias","tag-region-de-los-lagos","tag-semanario-local"],"_links":{"self":[{"href":"https:\/\/www.semanariolocal.cl\/index.php?rest_route=\/wp\/v2\/posts\/10838","targetHints":{"allow":["GET"]}}],"collection":[{"href":"https:\/\/www.semanariolocal.cl\/index.php?rest_route=\/wp\/v2\/posts"}],"about":[{"href":"https:\/\/www.semanariolocal.cl\/index.php?rest_route=\/wp\/v2\/types\/post"}],"author":[{"embeddable":true,"href":"https:\/\/www.semanariolocal.cl\/index.php?rest_route=\/wp\/v2\/users\/1"}],"replies":[{"embeddable":true,"href":"https:\/\/www.semanariolocal.cl\/index.php?rest_route=%2Fwp%2Fv2%2Fcomments&post=10838"}],"version-history":[{"count":1,"href":"https:\/\/www.semanariolocal.cl\/index.php?rest_route=\/wp\/v2\/posts\/10838\/revisions"}],"predecessor-version":[{"id":10840,"href":"https:\/\/www.semanariolocal.cl\/index.php?rest_route=\/wp\/v2\/posts\/10838\/revisions\/10840"}],"wp:featuredmedia":[{"embeddable":true,"href":"https:\/\/www.semanariolocal.cl\/index.php?rest_route=\/wp\/v2\/media\/10839"}],"wp:attachment":[{"href":"https:\/\/www.semanariolocal.cl\/index.php?rest_route=%2Fwp%2Fv2%2Fmedia&parent=10838"}],"wp:term":[{"taxonomy":"category","embeddable":true,"href":"https:\/\/www.semanariolocal.cl\/index.php?rest_route=%2Fwp%2Fv2%2Fcategories&post=10838"},{"taxonomy":"post_tag","embeddable":true,"href":"https:\/\/www.semanariolocal.cl\/index.php?rest_route=%2Fwp%2Fv2%2Ftags&post=10838"}],"curies":[{"name":"wp","href":"https:\/\/api.w.org\/{rel}","templated":true}]}}