{"id":10834,"date":"2023-02-23T09:51:00","date_gmt":"2023-02-23T12:51:00","guid":{"rendered":"https:\/\/www.semanariolocal.cl\/?p=10834"},"modified":"2023-02-23T22:07:36","modified_gmt":"2023-02-24T01:07:36","slug":"inaugurado-programa-de-fortalecimiento-silvoagropecuario-indigena-de-osorno","status":"publish","type":"post","link":"https:\/\/www.semanariolocal.cl\/?p=10834","title":{"rendered":"Inaugurado programa de fortalecimiento  silvoagropecuario ind\u00edgena de osorno"},"content":{"rendered":"\n<p>En el sector rural de Tacamo, en la comuna de Osorno, se hizo entrega la ma\u00f1ana de este mi\u00e9rcoles de un pool de diversas maquinarias destinadas al fortalecimiento de la agricultura desarrollada por las comunidades ind\u00edgenas de toda la provincia.<\/p>\n\n\n\n<p>Se trata de una inversi\u00f3n de poco m\u00e1s de 736 millones de pesos que financi\u00f3 el Gobierno Regional de los Lagos tras diversas acciones desarrolladas por algunas autoridades, entre ellas, La Diputada Mapuche, Emilia Nuyado, con el objeto de actualizar con tecnolog\u00eda el duro trabajo que se ejecuta en el mundo de la ruralidad.<\/p>\n\n\n\n<p>Al Respecto, la Consejera Nacional Ind\u00edgena, Herta Ximena Lican, agradeci\u00f3 al Gobernador, Patricio Vallespin y los miembros del Consejo Regional por la aprobaci\u00f3n de esta propuesta lo que hoy se traduce en la adquisici\u00f3n de tractores, carros de arrastre, maquinas cosechadoras de papas, m\u00e1quinas cosechadoras de trigo y otro equipamiento que facilitar\u00e1 los procesos de cultivo y cosecha en las familias m\u00e1s modestas del campo.<\/p>\n\n\n\n<p>Palabras especiales hubo para la Diputada Emilia Nuyado, quien tras recorrer los sectores donde est\u00e1n las comunidades ind\u00edgenas vio esta gran necesidad para el desarrollo de sus habitantes.<\/p>\n\n\n\n<p>Mejorar el margen de utilidades de los productos provenientes del sector silvoagropecuario de la provincia de Osorno, liderado por mujeres y hombres pertenecientes a las comunidades ind\u00edgenas de la zona, mediante la entrega de incentivos de inversi\u00f3n para fortalecer la competitividad productiva a nivel predial de las comunidades ind\u00edgenas de la provincia de Osorno, son los objetivos de esta propuesta.<\/p>\n\n\n\n<p>En la ceremonia se cont\u00f3 con la presencia del dirigente social de la comunidad ind\u00edgena de Pichirruca, de San Juan de la Costa, Juan Ancapan, el que dijo que este ha sido uno de los mayores avances que han tenido en el sue\u00f1o de contar con maquinaria moderna para su localidad.<\/p>\n\n\n\n<p>Desde el territorio de la comuna de San Pablo el dirigente, Edilio \u00d1ile, agradeci\u00f3 por esta tecnolog\u00eda que ahora les permitir\u00e1 mejorar su calidad facilit\u00e1ndoles el trabajo de la tierra que hasta la fecha se hace s\u00f3lo con herramientas muy rudimentarias, pero gracias al proyecto, no le cabe duda que la vida de \u00e9l y sus socios cambiar\u00e1 radicalmente<\/p>\n\n\n\n<p>Tendr\u00e1n acceso a esta maquinaria miembros de comunidades ind\u00edgenas de la provincia de Osorno, agrupados en 8 territorios, 1 por cada comuna a excepci\u00f3n de San Juan de la Costa que posee 2 territorios (norte y sur), que se dedican a la agricultura familiar.<\/p>\n","protected":false},"excerpt":{"rendered":"<p>La iniciativa se pudo concretar por las gestiones hechas por las propias comunidades y algunas autoridades en el Gobierno Regional.<\/p>\n","protected":false},"author":1,"featured_media":10835,"comment_status":"closed","ping_status":"closed","sticky":false,"template":"","format":"standard","meta":{"footnotes":""},"categories":[20,3],"tags":[337,273,247,133],"class_list":["post-10834","post","type-post","status-publish","format-standard","has-post-thumbnail","hentry","category-agro","category-al-dia","tag-informacion","tag-noticias","tag-region-de-los-lagos","tag-semanario-local"],"_links":{"self":[{"href":"https:\/\/www.semanariolocal.cl\/index.php?rest_route=\/wp\/v2\/posts\/10834","targetHints":{"allow":["GET"]}}],"collection":[{"href":"https:\/\/www.semanariolocal.cl\/index.php?rest_route=\/wp\/v2\/posts"}],"about":[{"href":"https:\/\/www.semanariolocal.cl\/index.php?rest_route=\/wp\/v2\/types\/post"}],"author":[{"embeddable":true,"href":"https:\/\/www.semanariolocal.cl\/index.php?rest_route=\/wp\/v2\/users\/1"}],"replies":[{"embeddable":true,"href":"https:\/\/www.semanariolocal.cl\/index.php?rest_route=%2Fwp%2Fv2%2Fcomments&post=10834"}],"version-history":[{"count":1,"href":"https:\/\/www.semanariolocal.cl\/index.php?rest_route=\/wp\/v2\/posts\/10834\/revisions"}],"predecessor-version":[{"id":10836,"href":"https:\/\/www.semanariolocal.cl\/index.php?rest_route=\/wp\/v2\/posts\/10834\/revisions\/10836"}],"wp:featuredmedia":[{"embeddable":true,"href":"https:\/\/www.semanariolocal.cl\/index.php?rest_route=\/wp\/v2\/media\/10835"}],"wp:attachment":[{"href":"https:\/\/www.semanariolocal.cl\/index.php?rest_route=%2Fwp%2Fv2%2Fmedia&parent=10834"}],"wp:term":[{"taxonomy":"category","embeddable":true,"href":"https:\/\/www.semanariolocal.cl\/index.php?rest_route=%2Fwp%2Fv2%2Fcategories&post=10834"},{"taxonomy":"post_tag","embeddable":true,"href":"https:\/\/www.semanariolocal.cl\/index.php?rest_route=%2Fwp%2Fv2%2Ftags&post=10834"}],"curies":[{"name":"wp","href":"https:\/\/api.w.org\/{rel}","templated":true}]}}