{"id":10819,"date":"2023-02-24T07:25:00","date_gmt":"2023-02-24T10:25:00","guid":{"rendered":"https:\/\/www.semanariolocal.cl\/?p=10819"},"modified":"2023-02-23T21:27:45","modified_gmt":"2023-02-24T00:27:45","slug":"aduana-de-puerto-montt-incauto-cocaina-marihuana-lsd-y-hongos-alucinogenos","status":"publish","type":"post","link":"https:\/\/www.semanariolocal.cl\/?p=10819","title":{"rendered":"<strong>Aduana de Puerto Montt incaut\u00f3 coca\u00edna, marihuana, LSD y hongos alucin\u00f3genos<\/strong>"},"content":{"rendered":"\n<p>Como parte del trabajo de inteligencia y protecci\u00f3n de las fronteras terrestres, mar\u00edtimas y a\u00e9reas del pa\u00eds enmarcado en el Plan Nacional de Seguridad, los equipos de fiscalizaci\u00f3n de la Unidad de Drogas de la Aduanas Regional de Puerto Montt realizaron diversos operativos en la Provincia de Palena, Regi\u00f3n de Los Lagos.<\/p>\n\n\n\n<p>Gracias a este trabajo donde se cont\u00f3 con la coordinaci\u00f3n de la Delegaci\u00f3n Presidencial Provincial (DPP) de Palena, se concretaron importantes decomisos a diferentes personas que ten\u00edan como destino la ciudad de Chait\u00e9n, para su posterior distribuci\u00f3n dentro de la provincia, transportando&nbsp;diversas sustancias que est\u00e1n prohibidas por la Ley 20.000 de control de drogas.<\/p>\n\n\n\n<p>El primero, llevado a cabo al arribo de la barcaza \u201cAgios\u201d desde la ciudad de Puerto Montt en colaboraci\u00f3n con personal de la Armada y Carabineros, se produjo cuando los fiscalizadores de la Aduana de Puerto Montt, en base a perfilamientos, deciden revisar a uno de los pasajeros.<\/p>\n\n\n\n<p>Al momento de inspeccionar su equipaje, los funcionarios detectaron, previa prueba de campo, 109 gramos de cannabis sativa, contabiliz\u00e1ndose con este hallazgo un total incautado de 135 gramos. Al continuar con el procedimiento de revisi\u00f3n, en un paquete que portaba se detectaron 72 gramos de clorhidrato de coca\u00edna, lo que se sum\u00f3 al hallazgo de una bolsa de 1 kilo de arroz mezclado con part\u00edculas de otro elemento que al ser analizada di\u00f3 positivo para LSD.<\/p>\n\n\n\n<p>Por \u00faltimo, en otras dos fiscalizaciones se detectaron en dos pasajeros provenientes de Puerto Montt, otras sustancias pocos comunes, y que, al realizar la prueba de campo correspondiente, dio positivo para hongos alucin\u00f3genos, procediendo a incautar un total de 5 gramos.&nbsp;&nbsp;<\/p>\n\n\n\n<p>El Director Regional de la Aduana de Puerto Montt, Pablo Elvenberg Aleuy, se refiri\u00f3 a estos importantes operativos, indicando \u201cestos procedimientos de fiscalizaci\u00f3n conjunta responden al trabajo de inteligencia y coordinaci\u00f3n que estamos llevando a cabo en la regi\u00f3n, y a nivel nacional. Como Aduana, somos un actor clave para reforzar la seguridad de lo que ingresa al pa\u00eds y entendemos que nuestro rol es fundamental para combatir al crimen organizado\u201d.<\/p>\n\n\n\n<p>Tambi\u00e9n destac\u00f3 que \u201cen estos cuatro procedimientos de fiscalizaci\u00f3n conjunta con Armada, Carabineros y la Delegaci\u00f3n Presidencial Provincial de Palena, en el embarcadero de cabotaje mar\u00edtimo de la comuna de Chait\u00e9n, participaron funcionarios y funcionarias de nuestra Unidad de Drogas y Delitos Conexos, quienes poseen una amplia experiencia y conocimientos para el perfilamiento de riesgos, que en conjunto con otras instituciones y organismos p\u00fablicos nos permite fortalecer a\u00fan m\u00e1s nuestra fiscalizaci\u00f3n, teniendo presente las nuevas modalidades en el contrabando y nuevas drogas, fortaleciendo con estos hallazgos nuestro rol en la protecci\u00f3n de las fronteras terrestres, mar\u00edtimas y \u00e1reas\u201d.<\/p>\n","protected":false},"excerpt":{"rendered":"<p>Los operativos se llevaron a cabo en conjunto con Carabineros, Armada y Delegaci\u00f3n Presidencial Provincial de Palena, como parte del reforzamiento de la labor conjunta contra el Crimen Organizado.<\/p>\n","protected":false},"author":1,"featured_media":10820,"comment_status":"closed","ping_status":"closed","sticky":false,"template":"","format":"standard","meta":{"footnotes":""},"categories":[3],"tags":[337,273,247,133],"class_list":["post-10819","post","type-post","status-publish","format-standard","has-post-thumbnail","hentry","category-al-dia","tag-informacion","tag-noticias","tag-region-de-los-lagos","tag-semanario-local"],"_links":{"self":[{"href":"https:\/\/www.semanariolocal.cl\/index.php?rest_route=\/wp\/v2\/posts\/10819","targetHints":{"allow":["GET"]}}],"collection":[{"href":"https:\/\/www.semanariolocal.cl\/index.php?rest_route=\/wp\/v2\/posts"}],"about":[{"href":"https:\/\/www.semanariolocal.cl\/index.php?rest_route=\/wp\/v2\/types\/post"}],"author":[{"embeddable":true,"href":"https:\/\/www.semanariolocal.cl\/index.php?rest_route=\/wp\/v2\/users\/1"}],"replies":[{"embeddable":true,"href":"https:\/\/www.semanariolocal.cl\/index.php?rest_route=%2Fwp%2Fv2%2Fcomments&post=10819"}],"version-history":[{"count":1,"href":"https:\/\/www.semanariolocal.cl\/index.php?rest_route=\/wp\/v2\/posts\/10819\/revisions"}],"predecessor-version":[{"id":10821,"href":"https:\/\/www.semanariolocal.cl\/index.php?rest_route=\/wp\/v2\/posts\/10819\/revisions\/10821"}],"wp:featuredmedia":[{"embeddable":true,"href":"https:\/\/www.semanariolocal.cl\/index.php?rest_route=\/wp\/v2\/media\/10820"}],"wp:attachment":[{"href":"https:\/\/www.semanariolocal.cl\/index.php?rest_route=%2Fwp%2Fv2%2Fmedia&parent=10819"}],"wp:term":[{"taxonomy":"category","embeddable":true,"href":"https:\/\/www.semanariolocal.cl\/index.php?rest_route=%2Fwp%2Fv2%2Fcategories&post=10819"},{"taxonomy":"post_tag","embeddable":true,"href":"https:\/\/www.semanariolocal.cl\/index.php?rest_route=%2Fwp%2Fv2%2Ftags&post=10819"}],"curies":[{"name":"wp","href":"https:\/\/api.w.org\/{rel}","templated":true}]}}