{"id":10791,"date":"2023-02-22T11:34:07","date_gmt":"2023-02-22T14:34:07","guid":{"rendered":"https:\/\/www.semanariolocal.cl\/?p=10791"},"modified":"2023-02-22T11:34:08","modified_gmt":"2023-02-22T14:34:08","slug":"no-a-las-soluciones-parche","status":"publish","type":"post","link":"https:\/\/www.semanariolocal.cl\/?p=10791","title":{"rendered":"<strong>No a las soluciones parche<\/strong>"},"content":{"rendered":"\n<p>\u201cPlan&nbsp; para erradicar las carpas y rucos\u201d titulaba un medio sobre la iniciativa del gobierno para recuperar los espacios p\u00fablicos del eje Alameda-Providencia. Lamentable, porque lo que debemos erradicar es la extrema pobreza y exclusi\u00f3n de nuestra sociedad.<\/p>\n\n\n\n<p>\u201cRecuperar el espacio p\u00fablico\u201d es un eufemismo para aludir a la eliminaci\u00f3n de las personas en situaci\u00f3n de calle que se han instalado en el sector.<\/p>\n\n\n\n<p>El ministro de Desarrollo Social, Giorgio Jackson, ha se\u00f1alado que las personas \u201cerradicadas\u201d ser\u00e1n trasladadas a albergues y residencias y se les brindar\u00e1 una respuesta integral. Como Hogar de Cristo estamos de acuerdo con prestar ayuda a las personas, pero la situaci\u00f3n de quienes viven en carpas o rucos no se resuelve con albergues ni con iniciativas asistenciales, que ha sido la respuesta del Estado siempre. Esos son simplemente \u201cparches\u201d para un problema complejo que muchas veces invisibilizamos, porque nos parece inabordable.<\/p>\n\n\n\n<p>La real soluci\u00f3n al problema de las personas en situaci\u00f3n de calle \u2013y la evidencia internacional lo afirma\u2013 pasa por contar en primer lugar con una vivienda y, luego, con acompa\u00f1amientos psicosociales e incluso con apoyo terap\u00e9utico.<\/p>\n\n\n\n<p>Vivir en situaci\u00f3n de calle es, sin duda, una de las mayores expresiones de vulneraci\u00f3n de derechos humanos, ya que se trata de personas privadas de hogar, techo, red de apoyo, salud, trabajo, educaci\u00f3n, alimentaci\u00f3n, abrigo, higiene\u2026 El dolor, la&nbsp; vulnerabilidad, el miedo, la discriminaci\u00f3n, la violencia e incluso la muerte, son parte del d\u00eda a d\u00eda de estas personas.&nbsp; Muchas viven en esa realidad debido a traumas complejos que se arrastran desde la infancia, historias de violencia, maltrato y desamor. En ese contexto, el consumo de alcohol y drogas sirve para adormecer la angustia y la frustraci\u00f3n; es una medida de escape e incluso de autocuidado.<\/p>\n\n\n\n<p>Es posible superar la situaci\u00f3n de calle, pero para ello se requiere de una voluntad pol\u00edtica y social decidida que no vemos. Un indicio de esto es que no contamos siquiera con un catastro actualizado de cu\u00e1ntas personas est\u00e1n viviendo en la calle, lo que es b\u00e1sico ya que las soluciones son diversas para un grupo heterog\u00e9neo, donde conviven hombres y mujeres solos, ni\u00f1os, familias, migrantes, adultos mayores, j\u00f3venes. La diversidad de edades, condiciones f\u00edsicas y mentales, tiempo de permanencia en calle, es enorme. El Registro Social de Hogares se\u00f1ala que hay unas 20 mil personas en todo el pa\u00eds; nosotros estimamos que son m\u00e1s de 30 mil.<\/p>\n\n\n\n<p>Para abordar seriamente el tema, el Estado debe integrar sus servicios y actuar de manera coordinada, lo que la mayor\u00eda de las veces no ocurre. Esto no es solo tarea del Ministerio de Desarrollo Social, tambi\u00e9n involucra a los ministerios de Vivienda, Salud, Educaci\u00f3n, Trabajo, Interior y Exterior. En cada territorio, los municipios deber\u00edan ser claves en privilegiar en sus servicios a la poblaci\u00f3n m\u00e1s excluida y deber\u00edan tener las herramientas para proyectar soluciones habitacionales integradas a escala y trabajar con organizaciones del tercer sector en una estrategia de superaci\u00f3n, con metas definidas para que un tiempo ojal\u00e1 pr\u00f3ximo nadie m\u00e1s duerma en la calle o al menos se disminuya de manera considerable esta vergonzosa situaci\u00f3n. Y para ello no es el asistencialismo a\u00f1ejo el que nos ayudar\u00e1, sino pol\u00edticas basadas en est\u00e1ndares m\u00ednimos de derechos humanos y de reconocimiento de la dignidad de todo ser humano.<\/p>\n\n\n\n<p>Por <strong>Andr\u00e9s Millar, director de inclusi\u00f3n social Hogar de Cristo<\/strong><\/p>\n","protected":false},"excerpt":{"rendered":"<p>La real soluci\u00f3n al problema de las personas en situaci\u00f3n de calle  pasa por contar en primer lugar con una vivienda y  luego  con acompa\u00f1amientos psicosociales e incluso con apoyo terap\u00e9utico.<\/p>\n","protected":false},"author":1,"featured_media":10792,"comment_status":"closed","ping_status":"closed","sticky":false,"template":"","format":"standard","meta":{"footnotes":""},"categories":[3],"tags":[],"class_list":["post-10791","post","type-post","status-publish","format-standard","has-post-thumbnail","hentry","category-al-dia"],"_links":{"self":[{"href":"https:\/\/www.semanariolocal.cl\/index.php?rest_route=\/wp\/v2\/posts\/10791","targetHints":{"allow":["GET"]}}],"collection":[{"href":"https:\/\/www.semanariolocal.cl\/index.php?rest_route=\/wp\/v2\/posts"}],"about":[{"href":"https:\/\/www.semanariolocal.cl\/index.php?rest_route=\/wp\/v2\/types\/post"}],"author":[{"embeddable":true,"href":"https:\/\/www.semanariolocal.cl\/index.php?rest_route=\/wp\/v2\/users\/1"}],"replies":[{"embeddable":true,"href":"https:\/\/www.semanariolocal.cl\/index.php?rest_route=%2Fwp%2Fv2%2Fcomments&post=10791"}],"version-history":[{"count":1,"href":"https:\/\/www.semanariolocal.cl\/index.php?rest_route=\/wp\/v2\/posts\/10791\/revisions"}],"predecessor-version":[{"id":10793,"href":"https:\/\/www.semanariolocal.cl\/index.php?rest_route=\/wp\/v2\/posts\/10791\/revisions\/10793"}],"wp:featuredmedia":[{"embeddable":true,"href":"https:\/\/www.semanariolocal.cl\/index.php?rest_route=\/wp\/v2\/media\/10792"}],"wp:attachment":[{"href":"https:\/\/www.semanariolocal.cl\/index.php?rest_route=%2Fwp%2Fv2%2Fmedia&parent=10791"}],"wp:term":[{"taxonomy":"category","embeddable":true,"href":"https:\/\/www.semanariolocal.cl\/index.php?rest_route=%2Fwp%2Fv2%2Fcategories&post=10791"},{"taxonomy":"post_tag","embeddable":true,"href":"https:\/\/www.semanariolocal.cl\/index.php?rest_route=%2Fwp%2Fv2%2Ftags&post=10791"}],"curies":[{"name":"wp","href":"https:\/\/api.w.org\/{rel}","templated":true}]}}