{"id":10788,"date":"2023-02-22T11:19:44","date_gmt":"2023-02-22T14:19:44","guid":{"rendered":"https:\/\/www.semanariolocal.cl\/?p=10788"},"modified":"2023-02-22T11:19:45","modified_gmt":"2023-02-22T14:19:45","slug":"cultura-de-la-sostenibilidad-ejes-de-nuevas-investigaciones-de-ulagos","status":"publish","type":"post","link":"https:\/\/www.semanariolocal.cl\/?p=10788","title":{"rendered":"Cultura de la sostenibilidad: ejes de nuevas investigaciones de ULagos"},"content":{"rendered":"\n<p>Calificados como \u00abdos interesantes e importantes proyectos de investigaci\u00f3n\u00bb fueron adjudicados recientemente a la Universidad de Los Lagos, a trav\u00e9s del Concurso de Fomento a la Vinculaci\u00f3n Internacional para Instituciones de Investigaci\u00f3n Regionales de la Agencia Nacional de Investigaci\u00f3n y Desarrollo, ANID, en la cual participar\u00e1n acad\u00e9micos de Ulagos en conjunto con investigadores de otras casas de estudio nacionales y de pa\u00edses como Espa\u00f1a y Ecuador.<\/p>\n\n\n\n<p>El primero de estos proyectos se denomina \u201cEn defensa de los lagos: propuesta ecocr\u00edtica y ecofeminista para la transici\u00f3n hacia una cultura de la sostenibilidad\u201d, iniciativa liderada por la Dra. Mita Valvassori, Acad\u00e9mica de Literatura del Depto. Humanidades y Artes de Ulagos, quien adem\u00e1s trabajar\u00e1 junto a investigadores y alumnos de dicha Universidad, de la Universidad de Concepci\u00f3n, de Santiago y una contraparte internacional desde la Universidad de Alcal\u00e1 de Espa\u00f1a.<\/p>\n\n\n\n<p>Como objetivo general, se busca desarrollar diferentes propuestas ecocr\u00edticas y ecofeministas en torno a la realidad y la simbolog\u00eda de los lagos, que sirvan como base para la transici\u00f3n hacia una cultura de la sostenibilidad. En este \u00e1mbito, se busca explorar la conexi\u00f3n entre el conocimiento emp\u00edrico de los actuales problemas ambientales que afectan a los lagos, y el cambio de valores que ha de sustentar la conciencia ecol\u00f3gica.<\/p>\n\n\n\n<p>Adem\u00e1s, se espera reconocer el espacio lacustre en todas sus dimensiones; Generar espacios de comprensi\u00f3n, di\u00e1logo y empat\u00eda ecosocial, que interpelen a la comunidad acad\u00e9mica y escolar de diferentes niveles; y el Desarrollo de propuestas ecocr\u00edticas y ecofeministas, con una mirada interdisciplinar de saberes, que faciliten la concienciaci\u00f3n ecol\u00f3gica y la transformaci\u00f3n social.<\/p>\n\n\n\n<p>Para conocer m\u00e1s de este proyecto pueden seguir su Instagram&nbsp;<a href=\"https:\/\/www.instagram.com\/ecolagos._\" target=\"_blank\" rel=\"noreferrer noopener\">https:\/\/www.instagram.com\/ecolagos._<\/a>&nbsp;o bien visitar su sitio web&nbsp;<a href=\"http:\/\/www.grupoecolagos.cl\/\" target=\"_blank\" rel=\"noreferrer noopener\">www.grupoecolagos.cl<\/a><\/p>\n\n\n\n<p>El segundo de los proyectos a ejecutar es el que lleva por nombre \u201cCambio Clim\u00e1tico, Resiliencia y Territorios H\u00eddricos\u201d, a cargo del Doctor Arquitecto y Director del Departamento de Arquitectura de Ulagos, Mario del Castillo.<\/p>\n\n\n\n<p>El proyecto busca promover, desde las disciplinas creativas, investigaci\u00f3n y propuestas para enfrentar los efectos del Cambio Clim\u00e1tico en nuestros territorios h\u00eddricos. Adem\u00e1s, permite la oportunidad de formar un laboratorio al que concurren la Universidad de Los Lagos (Chile), Universidad Diego Portales (Chile), Universidad Polit\u00e9cnica de Madrid (Espa\u00f1a) y Pontificia Universidad Cat\u00f3lica de Ecuador (Ecuador), formando el n\u00facleo de la red de investigaci\u00f3n en resiliencia, vulnerabilidad y sostenibilidad urbana, abierta a incorporar nuevas Instituciones interesadas.<\/p>\n\n\n\n<p>En el \u00e1mbito de formaci\u00f3n, las actividades del proyecto contemplan ense\u00f1anza en pregrado y posgrado a trav\u00e9s de talleres verticales e inter universidades, la realizaci\u00f3n de Tesis en el Magister Territorio y Paisaje de la UDP y en la PUC de Ecuador, adem\u00e1s de una serie de charlas y ponencias que tienen que ver con la habilitaci\u00f3n de competencias en temas de cambio clim\u00e1tico.<\/p>\n\n\n\n<p>Precisamente, en el mes de abril del presente a\u00f1o, se realizar\u00e1 el Seminario \u201cCambio clim\u00e1tico y Territorios H\u00eddricos\u201d, en el se cual plantea recoger una mirada cr\u00edtica, propositiva y se constituye adem\u00e1s como una oportunidad para visibilizar investigaciones y propuestas que surgen ante esta problem\u00e1tica. Para saber m\u00e1s de esta actividad, pueden seguir su cuenta de Instagram:&nbsp;<a href=\"https:\/\/www.instagram.com\/colabterritorios\/\" target=\"_blank\" rel=\"noreferrer noopener\">https:\/\/www.instagram.com\/colabterritorios\/<\/a>&nbsp;o visitar el sitio web&nbsp;<a href=\"http:\/\/www.colab-territorios.cl\/\" target=\"_blank\" rel=\"noreferrer noopener\">www.colab-territorios.cl<\/a><\/p>\n\n\n\n<p>Finalmente la Doctora Arquitecto y Directora de Investigaci\u00f3n Ulagos, Claudia Castillo, sostuvo que estos proyectos colaborativos en redes internacionales de investigaci\u00f3n, ayudar\u00e1n a analizar los diferentes retos que se vendr\u00e1n a futuro, tanto por el cambio clim\u00e1tico, como la escasez de agua y las desigualdades. \u00abQueremos proponer respuestas a estas situaciones desde la academia, con una perspectiva global y promoviendo el desarrollo sostenible. Creemos que este trabajo ser\u00e1 una apuesta por el progreso social, el equilibrio medioambiental y el desarrollo sostenible, explorando junto a diferentes casas de estudio nacionales e internacionales, un n\u00facleo de redes investigativas con foco en nuestro territorio y que promuevan desde las disciplinas creativas propuestas innovadoras para enfrentar los cambios que se avecinan\u00bb.<\/p>\n","protected":false},"excerpt":{"rendered":"<p>Se trata de dos investigaciones adjudicadas a trav\u00e9s de la Agencia Nacional de Investigaci\u00f3n y Desarrollo, donde participan acad\u00e9micos de Ulagos e investigadores de diversas casas de estudio tanto nacionales como del extranjero.<\/p>\n","protected":false},"author":1,"featured_media":10789,"comment_status":"closed","ping_status":"closed","sticky":false,"template":"","format":"standard","meta":{"footnotes":""},"categories":[3],"tags":[1512,1511,1510,1514,1513,337,273,247,133,656,84],"class_list":["post-10788","post","type-post","status-publish","format-standard","has-post-thumbnail","hentry","category-al-dia","tag-agencia-nacional-de-investigacion-y-desarrollo","tag-anid","tag-claudia-castillo","tag-ecocriticas","tag-ecofeministas","tag-informacion","tag-noticias","tag-region-de-los-lagos","tag-semanario-local","tag-ula","tag-ulagos"],"_links":{"self":[{"href":"https:\/\/www.semanariolocal.cl\/index.php?rest_route=\/wp\/v2\/posts\/10788","targetHints":{"allow":["GET"]}}],"collection":[{"href":"https:\/\/www.semanariolocal.cl\/index.php?rest_route=\/wp\/v2\/posts"}],"about":[{"href":"https:\/\/www.semanariolocal.cl\/index.php?rest_route=\/wp\/v2\/types\/post"}],"author":[{"embeddable":true,"href":"https:\/\/www.semanariolocal.cl\/index.php?rest_route=\/wp\/v2\/users\/1"}],"replies":[{"embeddable":true,"href":"https:\/\/www.semanariolocal.cl\/index.php?rest_route=%2Fwp%2Fv2%2Fcomments&post=10788"}],"version-history":[{"count":1,"href":"https:\/\/www.semanariolocal.cl\/index.php?rest_route=\/wp\/v2\/posts\/10788\/revisions"}],"predecessor-version":[{"id":10790,"href":"https:\/\/www.semanariolocal.cl\/index.php?rest_route=\/wp\/v2\/posts\/10788\/revisions\/10790"}],"wp:featuredmedia":[{"embeddable":true,"href":"https:\/\/www.semanariolocal.cl\/index.php?rest_route=\/wp\/v2\/media\/10789"}],"wp:attachment":[{"href":"https:\/\/www.semanariolocal.cl\/index.php?rest_route=%2Fwp%2Fv2%2Fmedia&parent=10788"}],"wp:term":[{"taxonomy":"category","embeddable":true,"href":"https:\/\/www.semanariolocal.cl\/index.php?rest_route=%2Fwp%2Fv2%2Fcategories&post=10788"},{"taxonomy":"post_tag","embeddable":true,"href":"https:\/\/www.semanariolocal.cl\/index.php?rest_route=%2Fwp%2Fv2%2Ftags&post=10788"}],"curies":[{"name":"wp","href":"https:\/\/api.w.org\/{rel}","templated":true}]}}