{"id":10785,"date":"2023-02-22T11:08:40","date_gmt":"2023-02-22T14:08:40","guid":{"rendered":"https:\/\/www.semanariolocal.cl\/?p=10785"},"modified":"2023-02-22T11:08:41","modified_gmt":"2023-02-22T14:08:41","slug":"ucrania-un-ano-despues-de-la-invasion-en-gran-escala-de-rusia","status":"publish","type":"post","link":"https:\/\/www.semanariolocal.cl\/?p=10785","title":{"rendered":"<strong>Ucrania: Un a\u00f1o despu\u00e9s de la invasi\u00f3n en gran escala de Rusia<\/strong>"},"content":{"rendered":"\n<p>La comunidad internacional debe adoptar un plan s\u00f3lido que garantice la justicia de las v\u00edctimas de la guerra de agresi\u00f3n rusa contra Ucrania, manifest\u00f3 hoy Amnist\u00eda Internacional con motivo del primer aniversario de la invasi\u00f3n.<\/p>\n\n\n\n<p>El 24 de febrero de 2022, las fuerzas armadas rusas iniciaron una invasi\u00f3n en gran escala de Ucrania que Amnist\u00eda Internacional calific\u00f3 de \u201c<a href=\"https:\/\/www.amnesty.org\/es\/latest\/news\/2022\/03\/russia-ukraine-invasion-of-ukraine-is-an-act-of-aggression-and-human-rights-catastrophe\/\" target=\"_blank\" rel=\"noreferrer noopener\">un acto de agresi\u00f3n y una cat\u00e1strofe para los derechos humanos<\/a>\u201d. Desde entonces, las fuerzas rusas han perpetrado cr\u00edmenes de guerra y otras violaciones del derecho internacional humanitario, entre ellas&nbsp;<a href=\"https:\/\/www.amnesty.org\/es\/latest\/news\/2022\/04\/ukraine-russian-forces-extrajudicially-executing-civilians-in-apparent-war-crimes-new-testimony\/\" target=\"_blank\" rel=\"noreferrer noopener\">ejecuciones extrajudiciales<\/a>,&nbsp;<a href=\"https:\/\/www.amnesty.org\/es\/latest\/news\/2022\/07\/ukraine-civilians-killed-by-reckless-russian-attacks-on-serhiivka-apartment-block-and-beach-resort\/\" target=\"_blank\" rel=\"noreferrer noopener\">ataques mortales contra infraestructura civil<\/a>&nbsp;y&nbsp;<a href=\"https:\/\/www.amnesty.org\/es\/latest\/news\/2022\/06\/ukraine-deadly-mariupol-theatre-strike-a-clear-war-crime-by-russian-forces-new-investigation\/\" target=\"_blank\" rel=\"noreferrer noopener\">lugares de refugio<\/a>,&nbsp;<a href=\"https:\/\/www.amnesty.org\/es\/latest\/news\/2022\/11\/ukraine-russias-unlawful-transfer-of-civilians-a-war-crime-and-likely-a-crime-against-humanity-new-report\/\" target=\"_blank\" rel=\"noreferrer noopener\">deportaciones y traslados forzosos de civiles<\/a>, y&nbsp;<a href=\"https:\/\/www.amnesty.org\/es\/latest\/news\/2022\/06\/ukraine-hundreds-killed-in-relentless-russian-shelling-of-kharkiv-new-investigation\/\" target=\"_blank\" rel=\"noreferrer noopener\">homicidios ileg\u00edtimos en gran escala cometidos mediante el bombardeo de ciudades<\/a>.<\/p>\n\n\n\n<p>Mientras que la invasi\u00f3n contin\u00faa y sigue sin conocerse todo el alcance de los cr\u00edmenes cometidos en Ucrania, se debe dar prioridad a las peticiones de justicia y los derechos de las v\u00edctimas y sobrevivientes. La comunidad internacional tiene el claro deber de asegurarse de que los responsables de cr\u00edmenes de derecho internacional sepan que la rendici\u00f3n de cuentas y la justicia triunfar\u00e1n sobre la impunidad.<\/p>\n\n\n\n<p><em>\u201cMientras las fuerzas armadas rusas parecen estar intensificando su ofensiva en Ucrania, el compromiso de hacer rendir cuentas a todos los responsables de violaciones de derechos humanos y cr\u00edmenes de guerra es m\u00e1s urgente que nunca\u201d<\/em>, declar\u00f3 Agn\u00e8s Callamard, secretaria general de Amnist\u00eda Internacional.<\/p>\n\n\n\n<p>Desde el inicio del conflicto, Amnist\u00eda Internacional ha documentado cr\u00edmenes de guerra, incluidos los ataques selectivos contra infraestructura civil esencial y el bloqueo de la ayuda humanitaria a civiles. En las zonas afectadas por el conflicto, la poblaci\u00f3n civil ha estado expuesta a ataques constantes y con frecuencia ha sido privada de agua, electricidad y calefacci\u00f3n. A muchas personas residentes en zonas ocupadas por Rusia que siguen necesitando ayuda humanitaria o atenci\u00f3n m\u00e9dica urgente se les niega el derecho a viajar a territorios controlados por el gobierno de Ucrania.<\/p>\n\n\n\n<p><em>\u201cEl pueblo de Ucrania ha sufrido horrores inimaginables en esta guerra de agresi\u00f3n durante los \u00faltimos 12 meses. Vamos a decirlo con claridad: las manos de Vladimir Putin y sus fuerzas armadas est\u00e1n manchadas de sangre. Las personas sobrevivientes merecen justicia y reparaci\u00f3n por todo lo que han soportado.&nbsp;La comunidad internacional debe mantenerse firme para llegar hasta el final y que se haga justicia. Ya ha transcurrido un a\u00f1o y est\u00e1 claro m\u00e1s all\u00e1 de toda duda que hay que hacer m\u00e1s.\u201d<\/em><\/p>\n\n\n\n<p>Ya se han denunciado decenas de miles de casos de cr\u00edmenes de guerra, incluidos delitos sexuales y de g\u00e9nero, pero el n\u00famero de v\u00edctimas del conflicto en curso ser\u00e1 mucho mayor.<\/p>\n\n\n\n<p><strong>Derechos y necesidades de las v\u00edctimas<\/strong><\/p>\n\n\n\n<p><em>\u201cTras estallar el conflicto,&nbsp;<\/em><em>innumerables seres humanos han quedado reducidos a da\u00f1os colaterales. El&nbsp;<\/em><em>impacto de un mortero no s\u00f3lo desgarra el cuerpo, sino que acaba con los medios de vida, destruye infraestructura esencial y deja a muchas personas sin capacidad para existir entre los escombros de sus vidas anteriores\u201d<\/em>, manifest\u00f3&nbsp;Agn\u00e8s Callamard.<\/p>\n\n\n\n<p>La respuesta inmediata al conflicto ha sido alentadora, incluidas varias investigaciones a nivel nacional e internacional de los cr\u00edmenes de derecho internacional cometidos en Ucrania, pero la justicia&nbsp;integral para Ucrania s\u00f3lo se lograr\u00e1 cuando se proporcione justicia y reparaciones significativas a las v\u00edctimas, y para ello es necesario que la comunidad internacional ofrezca un apoyo s\u00f3lido y sostenido a los mecanismos de justicia existentes.<\/p>\n\n\n\n<p>Tambi\u00e9n se deben considerar nuevos mecanismos nacionales e internacionales para una justicia m\u00e1s integral. En este sentido, la decisi\u00f3n de marzo de 2022 del Consejo de Derechos Humanos de crear una comisi\u00f3n de investigaci\u00f3n independiente sobre Ucrania ha sido acogida con satisfacci\u00f3n. En \u00faltima instancia, esos mecanismos podr\u00edan reforzar la respuesta de la justicia internacional al gran n\u00famero de casos de cr\u00edmenes de guerra, as\u00ed como al crimen de agresi\u00f3n, que la CPI, debido a sus limitaciones jurisdiccionales, no puede investigar como tal.<\/p>\n\n\n\n<p><em>\u201cAdem\u00e1s de garantizar la existencia de los mecanismos adecuados, debemos garantizar que los responsables de cr\u00edmenes de derecho internacional comparecen ante la justicia y afrontan las consecuencias de sus actos inadmisibles, lo que incluye investigar a altos mandos militares y dirigentes civiles en relaci\u00f3n con los cr\u00edmenes de guerra y el delito de agresi\u00f3n en aplicaci\u00f3n del derecho internacional\u201d<\/em>, manifest\u00f3 Agn\u00e8s Callamard.<\/p>\n\n\n\n<p>Poner en pie este tipo de causas es complejo, pero es imprescindible que las investigaciones tengan en cuenta no s\u00f3lo a los autores directos de bajo nivel, sino tambi\u00e9n a los que est\u00e1n m\u00e1s arriba en la cadena de mando. Con independencia de d\u00f3nde se celebren los juicios, estos deben respetar las normas internacionales de derechos humanos y de justicia procesal, y otorgar plena participaci\u00f3n y consideraci\u00f3n a las personas supervivientes y sus necesidades.<\/p>\n\n\n\n<p><em>\u201cAsistimos en todos los rincones del mundo a guerras que infligen un sufrimiento incalculable a la poblaci\u00f3n civil, y este principio debe convertirse en un modelo para todos los conflictos. La respuesta inicial sin precedentes de la comunidad internacional, incluido el trabajo de la Corte Penal Internacional, debe ser la norma m\u00ednima en la b\u00fasqueda de justicia internacional\u201d<\/em>, declar\u00f3 Agn\u00e8s Callamard.<\/p>\n\n\n\n<h2 class=\"wp-block-heading\">La coordinaci\u00f3n y el compromiso continuados son el \u00fanico camino<\/h2>\n\n\n\n<p><em>\u201cAmnist\u00eda Internacional y otros grupos de la sociedad civil han pedido reiteradamente que la gente se una para actuar colectivamente por el bien com\u00fan. Y en este caso m\u00e1s que nunca. Todas las instituciones y autoridades que persiguen la justicia internacional deben colaborar para compartir ideas y coordinar estrategias, pero tambi\u00e9n para abordar las lagunas en materia de conocimientos y capacidad. \u00c9ste no es momento de trabajar de manera aislada\u201d<\/em>, dijo&nbsp;Agn\u00e8s Callamard.<\/p>\n\n\n\n<p>La comunidad internacional debe apoyar investigaciones justas, efectivas e imparciales, y los Estados deben instar a Ucrania a ratificar el Estatuto de Roma \u2014adecuando su legislaci\u00f3n nacional a las normas jur\u00eddicas internacionales relacionadas con la justicia internacional\u2014 y a reforzar la cooperaci\u00f3n con la CPI. Por \u00faltimo, la justicia para Ucrania exige que los pa\u00edses con estatutos de jurisdicci\u00f3n universal exploren c\u00f3mo pueden ponerlos al servicio de la justicia para la poblaci\u00f3n ucraniana.<\/p>\n\n\n\n<h2 class=\"wp-block-heading\">Necesidad de apoyo humanitario<\/h2>\n\n\n\n<p>A la hora de ofrecer apoyo, la comunidad internacional debe determinar las necesidades espec\u00edficas de los grupos de riesgo \u2014como las mujeres, las personas ancianas, las personas con discapacidad y los ni\u00f1os y ni\u00f1as\u2014, y tener presente que muchas personas ucranianas, entre ellas ni\u00f1os y ni\u00f1as, han sido deportadas de Ucrania a Rusia o trasladadas por la fuerza a zonas ocupadas por Rusia y no pueden regresar a su hogar en condiciones seguras. Estos grupos concretos deben figurar entre los prioritarios, y toda la asistencia humanitaria que se les preste debe adaptarse a sus necesidades espec\u00edficas.<\/p>\n\n\n\n<p>Asimismo, ser\u00e1 esencial cooperar con las organizaciones de la sociedad civil ucranianas para priorizar las necesidades de las personas supervivientes y garantizar la distribuci\u00f3n de la ayuda econ\u00f3mica y humanitaria. La comunidad internacional debe velar por que esta colaboraci\u00f3n se realice de forma que garantice la transparencia, la eficacia y la sensibilidad hacia las v\u00edctimas en todos los procesos centrados en la ayuda humanitaria, la recuperaci\u00f3n, la justicia y la reparaci\u00f3n.<\/p>\n\n\n\n<p>En palabras de Agn\u00e8s Callamard,&nbsp;<em>\u201creconocer el inmenso da\u00f1o f\u00edsico, psicol\u00f3gico y econ\u00f3mico infligido a la poblaci\u00f3n civil de Ucrania durante el \u00faltimo a\u00f1o es esencial para garantizar justicia y reparaci\u00f3n a las personas supervivientes y v\u00edctimas de la agresi\u00f3n rusa en Ucrania\u201d<\/em>.<\/p>\n\n\n\n<h2 class=\"wp-block-heading\">Llamamientos a la rendici\u00f3n de cuentas<\/h2>\n\n\n\n<p>Desde 2014 y posteriormente al comienzo de la invasi\u00f3n rusa en gran escala, Amnist\u00eda Internacional ha procurado rendici\u00f3n de cuentas en Ucrania y ha documentado cr\u00edmenes de guerra y otras violaciones del derecho internacional humanitario.&nbsp;<a href=\"https:\/\/www.amnesty.org\/es\/latest\/news\/2022\/03\/latest-news-on-russias-war-on-ukraine\/\" target=\"_blank\" rel=\"noreferrer noopener\">Aqu\u00ed<\/a>&nbsp;encontrar\u00e1n todos los materiales publicados por la organizaci\u00f3n hasta la fecha.\u202f<\/p>\n","protected":false},"excerpt":{"rendered":"<p>La comunidad internacional debe adoptar un plan s\u00f3lido para abordar las peticiones de justicia de las v\u00edctimas de la agresi\u00f3n de Rusia contra Ucrania<\/p>\n","protected":false},"author":1,"featured_media":10786,"comment_status":"closed","ping_status":"closed","sticky":false,"template":"","format":"standard","meta":{"footnotes":""},"categories":[3],"tags":[491,337,1506,273,247,1509,133,1507],"class_list":["post-10785","post","type-post","status-publish","format-standard","has-post-thumbnail","hentry","category-al-dia","tag-amnistia-internacional","tag-informacion","tag-internacional","tag-noticias","tag-region-de-los-lagos","tag-rusia","tag-semanario-local","tag-ucrania"],"_links":{"self":[{"href":"https:\/\/www.semanariolocal.cl\/index.php?rest_route=\/wp\/v2\/posts\/10785","targetHints":{"allow":["GET"]}}],"collection":[{"href":"https:\/\/www.semanariolocal.cl\/index.php?rest_route=\/wp\/v2\/posts"}],"about":[{"href":"https:\/\/www.semanariolocal.cl\/index.php?rest_route=\/wp\/v2\/types\/post"}],"author":[{"embeddable":true,"href":"https:\/\/www.semanariolocal.cl\/index.php?rest_route=\/wp\/v2\/users\/1"}],"replies":[{"embeddable":true,"href":"https:\/\/www.semanariolocal.cl\/index.php?rest_route=%2Fwp%2Fv2%2Fcomments&post=10785"}],"version-history":[{"count":1,"href":"https:\/\/www.semanariolocal.cl\/index.php?rest_route=\/wp\/v2\/posts\/10785\/revisions"}],"predecessor-version":[{"id":10787,"href":"https:\/\/www.semanariolocal.cl\/index.php?rest_route=\/wp\/v2\/posts\/10785\/revisions\/10787"}],"wp:featuredmedia":[{"embeddable":true,"href":"https:\/\/www.semanariolocal.cl\/index.php?rest_route=\/wp\/v2\/media\/10786"}],"wp:attachment":[{"href":"https:\/\/www.semanariolocal.cl\/index.php?rest_route=%2Fwp%2Fv2%2Fmedia&parent=10785"}],"wp:term":[{"taxonomy":"category","embeddable":true,"href":"https:\/\/www.semanariolocal.cl\/index.php?rest_route=%2Fwp%2Fv2%2Fcategories&post=10785"},{"taxonomy":"post_tag","embeddable":true,"href":"https:\/\/www.semanariolocal.cl\/index.php?rest_route=%2Fwp%2Fv2%2Ftags&post=10785"}],"curies":[{"name":"wp","href":"https:\/\/api.w.org\/{rel}","templated":true}]}}