{"id":10782,"date":"2023-02-22T01:05:04","date_gmt":"2023-02-22T04:05:04","guid":{"rendered":"https:\/\/www.semanariolocal.cl\/?p=10782"},"modified":"2023-02-22T01:05:05","modified_gmt":"2023-02-22T04:05:05","slug":"concejales-acusaran-al-ex-alcalde-bertin-ante-tribunal-electoral","status":"publish","type":"post","link":"https:\/\/www.semanariolocal.cl\/?p=10782","title":{"rendered":"Concejales acusar\u00e1n al ex Alcalde Bertin ante tribunal electoral"},"content":{"rendered":"\n<p>En sesi\u00f3n ordinaria del Concejo Municipal de Osorno este martes 21 de febrero, los concejales y concejalas analizaron el resultado de la investigaci\u00f3n de la Contralor\u00eda que revis\u00f3 los antecedentes respecto a las responsabilidades administrativas en la ca\u00edda del puente Cancura en junio del a\u00f1o 2018.<\/p>\n\n\n\n<p>En el documento, el ente contralor atribuy\u00f3 responsabilidades al ex alcalde Jaime Bertin en relaci\u00f3n a la nula fiscalizaci\u00f3n de extracci\u00f3n de \u00e1ridos del r\u00edo Rahue a la altura del Puente Cancura, lo que habr\u00eda provocado su colapso.<\/p>\n\n\n\n<p>Luego de argumentar, el concejal Juan Carlos Vel\u00e1squez pidi\u00f3 al alcalde Carrillo abrir la votaci\u00f3n que dio paso a un \u201capruebo\u201d generalizado de los ocho ediles, con lo que se da inicio a una acusaci\u00f3n ante el Tribunal Electoral Regional, bajo art. 51 de la Ley Org\u00e1nica Constitucional de Municipalidades,&nbsp;<strong>acusando el notable abandono de deberes por parte del ex alcalde Bertin.<\/strong><\/p>\n\n\n\n<p>De lo anterior, el TER, s\u00f3lo podr\u00eda sentenciar a la ex autoridad a una&nbsp;<strong>inhabilidad de cinco a\u00f1os para ejercer cargos p\u00fablicos<\/strong>, dado que ya no se encuentra en funciones.<\/p>\n","protected":false},"excerpt":{"rendered":"<p>En sesi\u00f3n ordinaria del Concejo Municipal de Osorno este martes 21 de febrero, los concejales y concejalas analizaron el resultado de la investigaci\u00f3n de la Contralor\u00eda que revis\u00f3 los antecedentes respecto a las responsabilidades administrativas en la ca\u00edda del puente Cancura en junio del a\u00f1o 2018. En el documento, el ente contralor atribuy\u00f3 responsabilidades al&#8230;<a class=\"btnReadMore\" href=\"https:\/\/www.semanariolocal.cl\/?p=10782\"> Leer M\u00e1s<\/a><\/p>\n","protected":false},"author":1,"featured_media":10783,"comment_status":"closed","ping_status":"closed","sticky":false,"template":"","format":"standard","meta":{"footnotes":""},"categories":[3,6],"tags":[337,273,247,133],"class_list":["post-10782","post","type-post","status-publish","format-standard","has-post-thumbnail","hentry","category-al-dia","category-politica","tag-informacion","tag-noticias","tag-region-de-los-lagos","tag-semanario-local"],"_links":{"self":[{"href":"https:\/\/www.semanariolocal.cl\/index.php?rest_route=\/wp\/v2\/posts\/10782","targetHints":{"allow":["GET"]}}],"collection":[{"href":"https:\/\/www.semanariolocal.cl\/index.php?rest_route=\/wp\/v2\/posts"}],"about":[{"href":"https:\/\/www.semanariolocal.cl\/index.php?rest_route=\/wp\/v2\/types\/post"}],"author":[{"embeddable":true,"href":"https:\/\/www.semanariolocal.cl\/index.php?rest_route=\/wp\/v2\/users\/1"}],"replies":[{"embeddable":true,"href":"https:\/\/www.semanariolocal.cl\/index.php?rest_route=%2Fwp%2Fv2%2Fcomments&post=10782"}],"version-history":[{"count":1,"href":"https:\/\/www.semanariolocal.cl\/index.php?rest_route=\/wp\/v2\/posts\/10782\/revisions"}],"predecessor-version":[{"id":10784,"href":"https:\/\/www.semanariolocal.cl\/index.php?rest_route=\/wp\/v2\/posts\/10782\/revisions\/10784"}],"wp:featuredmedia":[{"embeddable":true,"href":"https:\/\/www.semanariolocal.cl\/index.php?rest_route=\/wp\/v2\/media\/10783"}],"wp:attachment":[{"href":"https:\/\/www.semanariolocal.cl\/index.php?rest_route=%2Fwp%2Fv2%2Fmedia&parent=10782"}],"wp:term":[{"taxonomy":"category","embeddable":true,"href":"https:\/\/www.semanariolocal.cl\/index.php?rest_route=%2Fwp%2Fv2%2Fcategories&post=10782"},{"taxonomy":"post_tag","embeddable":true,"href":"https:\/\/www.semanariolocal.cl\/index.php?rest_route=%2Fwp%2Fv2%2Ftags&post=10782"}],"curies":[{"name":"wp","href":"https:\/\/api.w.org\/{rel}","templated":true}]}}