{"id":10778,"date":"2023-02-21T17:20:15","date_gmt":"2023-02-21T20:20:15","guid":{"rendered":"https:\/\/www.semanariolocal.cl\/?p=10778"},"modified":"2023-02-21T17:20:18","modified_gmt":"2023-02-21T20:20:18","slug":"inaugurado-en-osorno-monumento-al-cultrun-valioso-icono-de-la-cosmovision-mapuche","status":"publish","type":"post","link":"https:\/\/www.semanariolocal.cl\/?p=10778","title":{"rendered":"Inaugurado en Osorno monumento al Cultr\u00fan, valioso icono de la cosmovisi\u00f3n mapuche"},"content":{"rendered":"\n<p>El mediod\u00eda de este martes 21 de febrero se llev\u00f3 a cabo la reinauguraci\u00f3n del Cultr\u00fan Mapuche Huilliche  instalado a un costado de plaza de armas. Hay que recordar que fue la Consejera Nacional Ind\u00edgena y Concejala de la comuna de Osorno, Herta Ximena Lican, quien hace algunos meses present\u00f3 en una sesi\u00f3n del Concejo Municipal la necesidad de buscar un lugar  m\u00e1s amigable y respetuoso donde instalar uno de los iconos m\u00e1s importantes del Pueblo Mapuche Huilliche. <\/p>\n\n\n\n<p>Como resultado de esa gesti\u00f3n se  inaugur\u00f3 el monumento al Cultr\u00fan en Plaza de Armas con la presencia de autoridades regionales, provinciales y representantes de las comunidades ind\u00edgenas del territorio.<\/p>\n\n\n<div class=\"wp-block-image wp-duotone-unset-1\">\n<figure class=\"alignleft size-large is-resized\"><img loading=\"lazy\" decoding=\"async\" src=\"https:\/\/www.semanariolocal.cl\/wp-content\/uploads\/2023\/02\/001-450x600.jpeg\" alt=\"\" class=\"wp-image-10780\" width=\"355\" height=\"473\" srcset=\"https:\/\/www.semanariolocal.cl\/wp-content\/uploads\/2023\/02\/001-450x600.jpeg 450w, https:\/\/www.semanariolocal.cl\/wp-content\/uploads\/2023\/02\/001-225x300.jpeg 225w, https:\/\/www.semanariolocal.cl\/wp-content\/uploads\/2023\/02\/001.jpeg 768w\" sizes=\"auto, (max-width: 355px) 100vw, 355px\" \/><figcaption class=\"wp-element-caption\">Consejera Nacional Ind\u00edgena Herta Ximena Lican promotora de la visibilizaci\u00f3n de importante icono mapuche huilliche<\/figcaption><\/figure>\n<\/div>\n\n\n<p>\u201cHacemos eco a las palabras del Lonko, Arturo Camiao, una persona con mucha sabidur\u00eda quien dijo que todos podemos hacer algo para construir y avanzar, visibilizando los signos m\u00e1s importantes de los pueblos originarios como lo fue en este caso el monumento al cultr\u00fan, un peque\u00f1os pero gran paso que se logra concretar en la ciudad de Osorno\u201d, dijo la Consejera Nacional y Concejal.<\/p>\n\n\n\n<p>Agreg\u00f3, sentirse plenamente orgullosa de ser la primera mujer mapuche que forma parte del concejo municipal de Osorno en su historia, donde espera seguir aportando al desarrollo de la ciudad y tambi\u00e9n de las comunidades rurales para el respeto de sus costumbres, s\u00edmbolos, vestimenta, gastronom\u00eda, en general una rica cultura que tiene el pa\u00eds y que, al menos en Osorno, se est\u00e1 reconociendo.<\/p>\n\n\n\n<p>El kultrun o cultr\u00fan representa en la cosmovisi\u00f3n mapuche la mitad del universo o del mundo en su forma semi esf\u00e9rica; en el parche se encuentran representados los cuatro puntos cardinales, que son los poderes omnipotentes de Ngnechen dominador del universo los cuales est\u00e1n representados por dos l\u00edneas a manera de cruz y sus extremos se ramifican en tres l\u00edneas m\u00e1s, representando las patas del choique (avestruz); dentro de los cuartos que quedan divididos por las l\u00edneas anteriormente descritas se dibujan las cuatro estaciones del a\u00f1o.<\/p>\n","protected":false},"excerpt":{"rendered":"<p>El kultrun o cultr\u00fan representa en la cosmovisi\u00f3n mapuche la mitad del universo o del mundo en su forma semiesf\u00e9rica; un valioso e importante icono de la cultura ancestral del territorio<\/p>\n","protected":false},"author":1,"featured_media":10779,"comment_status":"closed","ping_status":"closed","sticky":false,"template":"","format":"standard","meta":{"footnotes":""},"categories":[3],"tags":[1504,276,352,337,1505,273,132,129,247,133],"class_list":["post-10778","post","type-post","status-publish","format-standard","has-post-thumbnail","hentry","category-al-dia","tag-cultrun","tag-emeterio-carrillo","tag-herta-ximena-lican","tag-informacion","tag-kultrun","tag-noticias","tag-osorno","tag-patricio-vallespin","tag-region-de-los-lagos","tag-semanario-local"],"_links":{"self":[{"href":"https:\/\/www.semanariolocal.cl\/index.php?rest_route=\/wp\/v2\/posts\/10778","targetHints":{"allow":["GET"]}}],"collection":[{"href":"https:\/\/www.semanariolocal.cl\/index.php?rest_route=\/wp\/v2\/posts"}],"about":[{"href":"https:\/\/www.semanariolocal.cl\/index.php?rest_route=\/wp\/v2\/types\/post"}],"author":[{"embeddable":true,"href":"https:\/\/www.semanariolocal.cl\/index.php?rest_route=\/wp\/v2\/users\/1"}],"replies":[{"embeddable":true,"href":"https:\/\/www.semanariolocal.cl\/index.php?rest_route=%2Fwp%2Fv2%2Fcomments&post=10778"}],"version-history":[{"count":1,"href":"https:\/\/www.semanariolocal.cl\/index.php?rest_route=\/wp\/v2\/posts\/10778\/revisions"}],"predecessor-version":[{"id":10781,"href":"https:\/\/www.semanariolocal.cl\/index.php?rest_route=\/wp\/v2\/posts\/10778\/revisions\/10781"}],"wp:featuredmedia":[{"embeddable":true,"href":"https:\/\/www.semanariolocal.cl\/index.php?rest_route=\/wp\/v2\/media\/10779"}],"wp:attachment":[{"href":"https:\/\/www.semanariolocal.cl\/index.php?rest_route=%2Fwp%2Fv2%2Fmedia&parent=10778"}],"wp:term":[{"taxonomy":"category","embeddable":true,"href":"https:\/\/www.semanariolocal.cl\/index.php?rest_route=%2Fwp%2Fv2%2Fcategories&post=10778"},{"taxonomy":"post_tag","embeddable":true,"href":"https:\/\/www.semanariolocal.cl\/index.php?rest_route=%2Fwp%2Fv2%2Ftags&post=10778"}],"curies":[{"name":"wp","href":"https:\/\/api.w.org\/{rel}","templated":true}]}}