{"id":10775,"date":"2023-02-20T22:15:00","date_gmt":"2023-02-21T01:15:00","guid":{"rendered":"https:\/\/www.semanariolocal.cl\/?p=10775"},"modified":"2023-02-20T22:15:01","modified_gmt":"2023-02-21T01:15:01","slug":"premian-a-mas-de-80-personas-a-traves-de-programa-de-emprendimiento-indigena","status":"publish","type":"post","link":"https:\/\/www.semanariolocal.cl\/?p=10775","title":{"rendered":"Premian a m\u00e1s de 80 personas a trav\u00e9s de programa de emprendimiento Ind\u00edgena"},"content":{"rendered":"\n<p>Con encuentros zonales presenciales se desarrollaron en Coyhaique y Puerto Cisnes, adem\u00e1s de uno online, las capacitaciones para la adquisici\u00f3n, planes de negocios y otros insumos que le permitan implementar aquella idea productiva que postularon los m\u00e1s de 80 beneficiarios y beneficiarias del programa Emprendimiento Ind\u00edgena. Los recursos del Ministerio de Desarrollo Social y Familia ascendieron a m\u00e1s de $43 millones permitiendo en la Regi\u00f3n de Ays\u00e9n beneficiar con un monto m\u00e1ximo de $527 mil y sus respectivas ideas de negocios.<\/p>\n\n\n\n<p>Samuel Navarro Castro, quien particip\u00f3 de las ceremonias en su calidad de Delegado Presidencial (S), &nbsp;explic\u00f3 que es relevante el realizar las actividades en distintos territorios, siendo una de las prioridades del Presidente Gabriel Boric estar en terreno atendiendo las necesidades de la gente. \u201cSabemos que la situaci\u00f3n econ\u00f3mica est\u00e1 dif\u00edcil, pero con estas medidas que hemos ido adoptando como el Bono Marzo, aumentar subsidios y bonificaci\u00f3n en remedios, m\u00e1s este tipo de apoyos con recursos y capacitaciones, donde pueden impulsar sus oficios y actividades, particularmente con los pueblos originarios respetando y fortaleciendo su cultura, es sumamente relevante para nosotros como gobierno\u201d.<\/p>\n\n\n\n<p>En esa misma l\u00ednea, Karina Acevedo Auad, SEREMI de Desarrollo Social y Familia, dijo que estas actividades han sido el puntapi\u00e9 inicial para un grupo de personas de los pueblos originarios no s\u00f3lo reciban estos recursos, sino herramientas pr\u00e1cticas y te\u00f3ricas que les permita llevar adelante su negocio. \u201cPara el Gobierno del Presidente Gabriel Boric es importante estar en el terreno, verificando que la oferta p\u00fablica se ajuste a las necesidades de la gente y nuestro territorio, la idea es acompa\u00f1ar en todo este proceso y de manera permanente a estas 82 familias\u201d. &nbsp;&nbsp;<\/p>\n\n\n\n<p>Por su parte, uno de los adjudicatarios de los recursos ministeriales que se canalizan a trav\u00e9s de la CONADI fue Luis Santana Calbuc\u00e1n, &nbsp;reconocido artesano de la comuna que agradeci\u00f3 el apoyo a su emprendimiento porque significar\u00e1 que haga de mejor manera su trabsajo. &nbsp;\u201cVoy a desarrollar la artesan\u00eda hasta cuando pueda, por eso es muy bueno este apoyo, yo necesitaba&nbsp; comprar una herramienta, una cepilladora de banco que permita dimensionar de mejor manera la madera y as\u00ed poder haciendo lo que hago que es artesan\u00eda domiciliaria adem\u00e1s de m\u00e1quinas de hilar y telares con la comunidad ind\u00edgena\u201d.&nbsp; &nbsp;&nbsp;<em>&nbsp;<\/em><\/p>\n\n\n\n<p>Finalmente las autoridades recordaron que el programa de Emprendimiento Ind\u00edgena busca aumentar la capacidad de generar recursos econ\u00f3micos de personas ind\u00edgenas pertenecientes al Subsistema Seguridades y Oportunidades, a trav\u00e9s de la entrega de capacitaciones, financiamiento de proyectos y entrega de asesor\u00edas t\u00e9cnicas para desarrollar proyectos econ\u00f3micos y productivos que releven la identidad cultural de los pueblos ind\u00edgenas a trav\u00e9s de sus procesos de elaboraci\u00f3n con conocimientos ancestral, poniendo en valor y visibilizando la identidad cultural de los pueblos ind\u00edgenas.<\/p>\n","protected":false},"excerpt":{"rendered":"<p>La iniciativa financiada por el Ministerio de Desarrollo Social y Familia se canaliza a trav\u00e9s del Corporaci\u00f3n nacional Ind\u00edgena (Conadi).<\/p>\n","protected":false},"author":1,"featured_media":10776,"comment_status":"closed","ping_status":"closed","sticky":false,"template":"","format":"standard","meta":{"footnotes":""},"categories":[3,9],"tags":[350,337,661,1503,273,247,133],"class_list":["post-10775","post","type-post","status-publish","format-standard","has-post-thumbnail","hentry","category-al-dia","category-gobierno","tag-conadi","tag-informacion","tag-mds","tag-ministerio-desarrollo-social","tag-noticias","tag-region-de-los-lagos","tag-semanario-local"],"_links":{"self":[{"href":"https:\/\/www.semanariolocal.cl\/index.php?rest_route=\/wp\/v2\/posts\/10775","targetHints":{"allow":["GET"]}}],"collection":[{"href":"https:\/\/www.semanariolocal.cl\/index.php?rest_route=\/wp\/v2\/posts"}],"about":[{"href":"https:\/\/www.semanariolocal.cl\/index.php?rest_route=\/wp\/v2\/types\/post"}],"author":[{"embeddable":true,"href":"https:\/\/www.semanariolocal.cl\/index.php?rest_route=\/wp\/v2\/users\/1"}],"replies":[{"embeddable":true,"href":"https:\/\/www.semanariolocal.cl\/index.php?rest_route=%2Fwp%2Fv2%2Fcomments&post=10775"}],"version-history":[{"count":1,"href":"https:\/\/www.semanariolocal.cl\/index.php?rest_route=\/wp\/v2\/posts\/10775\/revisions"}],"predecessor-version":[{"id":10777,"href":"https:\/\/www.semanariolocal.cl\/index.php?rest_route=\/wp\/v2\/posts\/10775\/revisions\/10777"}],"wp:featuredmedia":[{"embeddable":true,"href":"https:\/\/www.semanariolocal.cl\/index.php?rest_route=\/wp\/v2\/media\/10776"}],"wp:attachment":[{"href":"https:\/\/www.semanariolocal.cl\/index.php?rest_route=%2Fwp%2Fv2%2Fmedia&parent=10775"}],"wp:term":[{"taxonomy":"category","embeddable":true,"href":"https:\/\/www.semanariolocal.cl\/index.php?rest_route=%2Fwp%2Fv2%2Fcategories&post=10775"},{"taxonomy":"post_tag","embeddable":true,"href":"https:\/\/www.semanariolocal.cl\/index.php?rest_route=%2Fwp%2Fv2%2Ftags&post=10775"}],"curies":[{"name":"wp","href":"https:\/\/api.w.org\/{rel}","templated":true}]}}