{"id":10772,"date":"2023-02-20T22:08:15","date_gmt":"2023-02-21T01:08:15","guid":{"rendered":"https:\/\/www.semanariolocal.cl\/?p=10772"},"modified":"2023-02-20T22:08:16","modified_gmt":"2023-02-21T01:08:16","slug":"gore-los-lagos-y-minvu-se-reunen-para-abordar-el-plan-de-emergencia-habitacional","status":"publish","type":"post","link":"https:\/\/www.semanariolocal.cl\/?p=10772","title":{"rendered":"GORE Los Lagos y Minvu se re\u00fanen para abordar el plan de emergencia habitacional."},"content":{"rendered":"\n<p>La falta de viviendas en la regi\u00f3n de Los Lagos se ha ido acrecentando conforme pasan los a\u00f1os, con nuevos asentamientos irregulares y decenas de familias que viven allegadas.<\/p>\n\n\n\n<p>Considerando que estas problem\u00e1ticas se arrastran hace mucho tiempo, en dependencias del Gobierno Regional de Los Lagos, la m\u00e1xima autoridad, recibi\u00f3 al secretario regional ministerial de vivienda y urbanismo, adem\u00e1s del director subrogante del Serviu, quienes acompa\u00f1ados por profesionales del \u00e1rea abordaron el plan.<\/p>\n\n\n\n<p>En la zona, \u00e9ste pretende levantar 14 mil soluciones entre 2022 y 2026. En la actualidad se construyen 7 mil unidades que beneficiar\u00e1n a familias vulnerables y a quienes ser\u00e1n parte de proyectos de integraci\u00f3n social.<\/p>\n\n\n\n<p>Al cierre de la cita el Gobernador Regional, Patricio Vallespin, destac\u00f3 que la conversaci\u00f3n fue <em>\u201cmuy positiva ya que creo que un plan de emergencia habitacional, que opta y se la juega por articular a todos los actores con un prop\u00f3sito com\u00fan del Gobierno Regional, sin duda que tiene que estar no solo informado, si no, ojal\u00e1 poder participar. Creo que ac\u00e1 se a hecho un trabajo muy serio, territorio a territorio, analizando las particularidades, las complejidades y creo que se est\u00e1 llevando una propuesta, muy seria, responsable y que articula a todos los actores\u201d.<\/em><\/p>\n\n\n\n<p>La m\u00e1xima autoridad en la zona, asegur\u00f3 tambi\u00e9n, <em>\u201ccreo que el Minvu est\u00e1 abordando esto, con mucha integralidad, responsabilidad y sobre todo yo dir\u00eda, NO vender expectativas que vayan m\u00e1s all\u00e1 de lo que somos capaces de hacer como regi\u00f3n, por tanto, creo que ac\u00e1 los comit\u00e9s deben estar atentos a como se va a avanzar, se va a hablar siempre con la verdad por lo tanto yo creo que vamos muy bien encaminados y vamos a sacar un plan de emergencia habitacional que va a quedar en la historia de nuestra regi\u00f3n \u201d.<\/em><\/p>\n\n\n\n<p>El seremi de vivienda y urbanismo, Fabian Nail, dijo que en la cita pudieron <em>\u201cprimero comunicar cuales han sido las estrategias y el despliegue que hemos realizado en el contexto del plan de emergencia habitacional, pero adem\u00e1s poder tambi\u00e9n articular distintas acciones, generar alianzas estrat\u00e9gicas, que nos permitan llegar donde el Estado no ha llegado y llegar principalmente de una mejor manera, m\u00e1s y mejor\u201d.<\/em><\/p>\n\n\n\n<p>A nivel nacional el Gobierno de turno, pretende construir 260 mil soluciones habitaciones definitivas antes que termine el periodo, las que deben levantarse considerando la realidad local y sus particularidades.<\/p>\n","protected":false},"excerpt":{"rendered":"<p>En la zona, \u00e9ste pretende levantar 14 mil soluciones entre 2022 y 2026, seg\u00fan indican desde el Gobierno Regional<\/p>\n","protected":false},"author":1,"featured_media":10773,"comment_status":"closed","ping_status":"closed","sticky":false,"template":"","format":"standard","meta":{"footnotes":""},"categories":[3,9],"tags":[128,337,273,247,133],"class_list":["post-10772","post","type-post","status-publish","format-standard","has-post-thumbnail","hentry","category-al-dia","category-gobierno","tag-gore-2","tag-informacion","tag-noticias","tag-region-de-los-lagos","tag-semanario-local"],"_links":{"self":[{"href":"https:\/\/www.semanariolocal.cl\/index.php?rest_route=\/wp\/v2\/posts\/10772","targetHints":{"allow":["GET"]}}],"collection":[{"href":"https:\/\/www.semanariolocal.cl\/index.php?rest_route=\/wp\/v2\/posts"}],"about":[{"href":"https:\/\/www.semanariolocal.cl\/index.php?rest_route=\/wp\/v2\/types\/post"}],"author":[{"embeddable":true,"href":"https:\/\/www.semanariolocal.cl\/index.php?rest_route=\/wp\/v2\/users\/1"}],"replies":[{"embeddable":true,"href":"https:\/\/www.semanariolocal.cl\/index.php?rest_route=%2Fwp%2Fv2%2Fcomments&post=10772"}],"version-history":[{"count":1,"href":"https:\/\/www.semanariolocal.cl\/index.php?rest_route=\/wp\/v2\/posts\/10772\/revisions"}],"predecessor-version":[{"id":10774,"href":"https:\/\/www.semanariolocal.cl\/index.php?rest_route=\/wp\/v2\/posts\/10772\/revisions\/10774"}],"wp:featuredmedia":[{"embeddable":true,"href":"https:\/\/www.semanariolocal.cl\/index.php?rest_route=\/wp\/v2\/media\/10773"}],"wp:attachment":[{"href":"https:\/\/www.semanariolocal.cl\/index.php?rest_route=%2Fwp%2Fv2%2Fmedia&parent=10772"}],"wp:term":[{"taxonomy":"category","embeddable":true,"href":"https:\/\/www.semanariolocal.cl\/index.php?rest_route=%2Fwp%2Fv2%2Fcategories&post=10772"},{"taxonomy":"post_tag","embeddable":true,"href":"https:\/\/www.semanariolocal.cl\/index.php?rest_route=%2Fwp%2Fv2%2Ftags&post=10772"}],"curies":[{"name":"wp","href":"https:\/\/api.w.org\/{rel}","templated":true}]}}