{"id":10754,"date":"2023-02-18T06:31:00","date_gmt":"2023-02-18T09:31:00","guid":{"rendered":"https:\/\/www.semanariolocal.cl\/?p=10754"},"modified":"2023-02-18T18:36:50","modified_gmt":"2023-02-18T21:36:50","slug":"nino-de-9-anos-gana-festival-internacional-de-musica-mexicana-en-puyehue","status":"publish","type":"post","link":"https:\/\/www.semanariolocal.cl\/?p=10754","title":{"rendered":"Ni\u00f1o de 9 a\u00f1os gana Festival Internacional de M\u00fasica Mexicana en Puyehue"},"content":{"rendered":"\n<p class=\"wp-block-paragraph\">Una re\u00f1ida competencia en la Categor\u00eda Est\u00e1ndar se vivi\u00f3 la noche de este viernes 17 de febrero en el Festival Internacional de la M\u00fasica Mexicana que se celebr\u00f3 en la Explanada de Entre Lagos, comuna de Puyehue.<\/p>\n\n\n\n<p class=\"wp-block-paragraph\">El ganador del certamen categor\u00eda Est\u00e1ndar fue Tom\u00e1s Jara, ni\u00f1o de 9 a\u00f1os oriundo del sector El Salto, comuna de Los Lagos, Regi\u00f3n de Los R\u00edos, quien obtuvo puntaje m\u00e1ximo por parte del jurado internacional compuesto por el cantautor Gao de la Cruz y el destacado cantante mexicano Roberto N\u00fa\u00f1ez, quienes evaluaron de forma exitosa las impecables presentaciones que tuvo el joven cantante de la m\u00fasica mexicana desde las audiciones del lunes.<\/p>\n\n\n\n<p class=\"wp-block-paragraph\">La alcaldesa Mar\u00eda Jimena N\u00fa\u00f1ez y los concejales Hans Fuchslocher y Lorena N\u00fa\u00f1ez realizaron la entrega de los premios a los tres ganadores del certamen. El primer lugar se adjudic\u00f3 2000 d\u00f3lares, el segundo lugar se lo llev\u00f3 Andrea Castillo (de Coquimbo), quien obtuvo 1000 d\u00f3lares; y el tercer lugar fue para el peque\u00f1o Hardy D\u00edaz de Osorno, con 500 d\u00f3lares.&nbsp;<\/p>\n\n\n\n<p class=\"wp-block-paragraph\">La jefa comunal destac\u00f3 la amplia participaci\u00f3n que tuvo este importante certamen que congreg\u00f3 a cantates de todo Chile, desde la Regi\u00f3n de Tarapac\u00e1 hasta Magallanes e incluso de Argentina. \u201cLa deliberaci\u00f3n del jurado fue bastante dif\u00edcil porque llegaron muy buenos participantes, todos vienen con la ilusi\u00f3n de ganar el festival, pero ya estar aqu\u00ed tiene un valor, por lo tanto, queremos decirle a Tom\u00e1s que siga cantando porque lo hace muy bien, es un peque\u00f1o con un tremendo futuro, estamos muy contentos y agradecidos del jurado. La categor\u00eda Est\u00e1ndar tiene un ganador y es Tom\u00e1s Jara, felicidades a su familia\u201d, coment\u00f3 la alcaldesa tras la premiaci\u00f3n.<\/p>\n\n\n\n<p class=\"wp-block-paragraph\"><strong>TALENTO INNATO<\/strong><\/p>\n\n\n\n<p class=\"wp-block-paragraph\">El peque\u00f1o Tom\u00e1s, amante de la m\u00fasica mexicana desde los 6 a\u00f1os, pas\u00f3 de competir en festivales escolares a brillar en el festival internacional de m\u00fasica mexicana m\u00e1s importante de Chile y uno de los m\u00e1s relevantes de Latinoam\u00e9rica.<\/p>\n\n\n\n<p class=\"wp-block-paragraph\">Tras la premiaci\u00f3n le dedic\u00f3 este triunfo a toda mi familia que lo acompa\u00f1\u00f3 durante toda competencia. \u201cSe lo dedico a mi mam\u00e1, a mi pap\u00e1, a mi hermano y a mi abuelita. Usar\u00e9 mi premio para comprar mis \u00fatiles escolares y para ayudar a mi familia cuando lo necesite\u201d, coment\u00f3 el peque\u00f1o, quien prometi\u00f3 seguir practicando el canto, ya que su mayor sue\u00f1o es convertirse en un destacado interprete de la m\u00fasica mexicana en Chile.<\/p>\n\n\n\n<p class=\"wp-block-paragraph\">El presidente del Jurado Internacional, Gao de la Cruz destac\u00f3 la calidad vocal e interpretativa del participante. \u201cTom\u00e1s tiene todo lo que un talento innato tiene, los talentos nacen, no se hacen, se pulen. Estoy seguro de que Tom\u00e1s va a ser cantante porque eso ya est\u00e1 resuelto\u201d, coment\u00f3.<\/p>\n\n\n\n<p class=\"wp-block-paragraph\">Para Roberto N\u00fa\u00f1ez, la evaluaci\u00f3n fue completamente t\u00e9cnica, \u201cest\u00e1bamos esperando un peque\u00f1o error para darle la oportunidad a los dem\u00e1s participantes que tambi\u00e9n tuvieron excelentes intervenciones, pero tuvo presentaciones impecables, nunca tuvo un error. Es un ni\u00f1o que trae un talento desde nacimiento y hay que apoyarlo. Ojal\u00e1 que sus padres lo ayuden toda la vida porque tienen un diamante que, puli\u00e9ndolo estoy seguro de que va a ser un gran \u00e9xito en la m\u00fasica mexicana\u201d, destac\u00f3.<\/p>\n\n\n\n<p class=\"wp-block-paragraph\">De esa forma concluy\u00f3 una segunda exitosa jornada de diversi\u00f3n del XXIV Festival Internacional de la M\u00fasica Mexicana, que cont\u00f3 con las impecables presentaciones del grupo folcl\u00f3rico Hijos de la Tierra, que mostraron un hermoso repertorio de folclor Latinoamericano. Tambi\u00e9n se present\u00f3 el grupo Rancheros de Puyehue para concluir con el grupo Arremacho.<\/p>\n\n\n\n<p class=\"wp-block-paragraph\">Hoy s\u00e1bado se conocer\u00e1n los ganadores de la Categor\u00eda Golden y se presentar\u00e1n el Grupo Folcl\u00f3rico Los Puyehuitos, L\u00edmite Ranchero y Los Machos de la cumbia.<\/p>\n\n\n\n<p class=\"wp-block-paragraph\">Todo ello en la Explanada de Entre Lagos con entrada liberada para toda la comunidad. &nbsp;<\/p>\n","protected":false},"excerpt":{"rendered":"<p>El ni\u00f1o de 9 a\u00f1os se adjudic\u00f3 el primer lugar del certamen que tuvo a participantes de diversas regiones del pa\u00eds. El segundo lugar fue para Andrea Castillo de Coquimbo y el tercer lugar para Hardy D\u00edaz de Osorno. <\/p>\n","protected":false},"author":1,"featured_media":10755,"comment_status":"closed","ping_status":"closed","sticky":false,"template":"","format":"standard","meta":{"footnotes":""},"categories":[3,8],"tags":[],"class_list":["post-10754","post","type-post","status-publish","format-standard","has-post-thumbnail","hentry","category-al-dia","category-comunas"],"_links":{"self":[{"href":"https:\/\/www.semanariolocal.cl\/index.php?rest_route=\/wp\/v2\/posts\/10754","targetHints":{"allow":["GET"]}}],"collection":[{"href":"https:\/\/www.semanariolocal.cl\/index.php?rest_route=\/wp\/v2\/posts"}],"about":[{"href":"https:\/\/www.semanariolocal.cl\/index.php?rest_route=\/wp\/v2\/types\/post"}],"author":[{"embeddable":true,"href":"https:\/\/www.semanariolocal.cl\/index.php?rest_route=\/wp\/v2\/users\/1"}],"replies":[{"embeddable":true,"href":"https:\/\/www.semanariolocal.cl\/index.php?rest_route=%2Fwp%2Fv2%2Fcomments&post=10754"}],"version-history":[{"count":1,"href":"https:\/\/www.semanariolocal.cl\/index.php?rest_route=\/wp\/v2\/posts\/10754\/revisions"}],"predecessor-version":[{"id":10756,"href":"https:\/\/www.semanariolocal.cl\/index.php?rest_route=\/wp\/v2\/posts\/10754\/revisions\/10756"}],"wp:featuredmedia":[{"embeddable":true,"href":"https:\/\/www.semanariolocal.cl\/index.php?rest_route=\/wp\/v2\/media\/10755"}],"wp:attachment":[{"href":"https:\/\/www.semanariolocal.cl\/index.php?rest_route=%2Fwp%2Fv2%2Fmedia&parent=10754"}],"wp:term":[{"taxonomy":"category","embeddable":true,"href":"https:\/\/www.semanariolocal.cl\/index.php?rest_route=%2Fwp%2Fv2%2Fcategories&post=10754"},{"taxonomy":"post_tag","embeddable":true,"href":"https:\/\/www.semanariolocal.cl\/index.php?rest_route=%2Fwp%2Fv2%2Ftags&post=10754"}],"curies":[{"name":"wp","href":"https:\/\/api.w.org\/{rel}","templated":true}]}}