{"id":10736,"date":"2023-02-17T21:26:40","date_gmt":"2023-02-18T00:26:40","guid":{"rendered":"https:\/\/www.semanariolocal.cl\/?p=10736"},"modified":"2023-02-17T21:26:41","modified_gmt":"2023-02-18T00:26:41","slug":"recursos-aprobados-por-core-permitiran-finalizar-caminos-no-enrolados-de-purranque","status":"publish","type":"post","link":"https:\/\/www.semanariolocal.cl\/?p=10736","title":{"rendered":"Recursos aprobados por CORE permitir\u00e1n finalizar caminos no enrolados de Purranque"},"content":{"rendered":"\n<p class=\"wp-block-paragraph\">En la \u00faltima sesi\u00f3n plenaria del Consejo Regional de Los Lagos realizada en Cocham\u00f3, se aprobaron recursos para terminar obras de conservaci\u00f3n de 13 caminos no enrolados de la comuna de Purranque.<\/p>\n\n\n\n<p class=\"wp-block-paragraph\">El alcalde de Purranque, C\u00e9sar Crot indic\u00f3 que pese a ser pocos recursos los solicitados ($54.000.000), representan un gran avance para esta comuna, pues son necesarios para que estos caminos est\u00e9n en mejores condiciones y se ajusten a las necesidades de los vecinos.&nbsp;<\/p>\n\n\n\n<p class=\"wp-block-paragraph\">El presidente de la comisi\u00f3n provincia de Osorno, Alexis Casanova indic\u00f3 que junto a sus pares Mar\u00eda Ang\u00e9lica Barraza, Jos\u00e9 Luis Mu\u00f1oz, Andrea Iturriaga, Francisco Paredes y Francisco Reyes, apoyar\u00e1n todos los proyectos que presenten los municipios, siempre entregando sugerencias, observaciones que busquen mejorar las diversas iniciativas que beneficien a las 7 comunas de la provincia de Osorno.<\/p>\n\n\n\n<p class=\"wp-block-paragraph\">Los consejeros Francisco Reyes, Francisco Paredes y Jos\u00e9 Luis Mu\u00f1oz se\u00f1alaron que cuando un proyecto de este tipo propone continuar con su ejecuci\u00f3n, el Core pondr\u00e1 a disposici\u00f3n los recursos necesarios para llegar a aquellas localidades rurales que m\u00e1s lo requieren.<\/p>\n","protected":false},"excerpt":{"rendered":"<p>Recursos solicitados ($54.000.000) representan un gran avance para esta comuna<\/p>\n","protected":false},"author":1,"featured_media":10737,"comment_status":"closed","ping_status":"closed","sticky":false,"template":"","format":"standard","meta":{"footnotes":""},"categories":[3],"tags":[355,337,273,247,133],"class_list":["post-10736","post","type-post","status-publish","format-standard","has-post-thumbnail","hentry","category-al-dia","tag-core","tag-informacion","tag-noticias","tag-region-de-los-lagos","tag-semanario-local"],"_links":{"self":[{"href":"https:\/\/www.semanariolocal.cl\/index.php?rest_route=\/wp\/v2\/posts\/10736","targetHints":{"allow":["GET"]}}],"collection":[{"href":"https:\/\/www.semanariolocal.cl\/index.php?rest_route=\/wp\/v2\/posts"}],"about":[{"href":"https:\/\/www.semanariolocal.cl\/index.php?rest_route=\/wp\/v2\/types\/post"}],"author":[{"embeddable":true,"href":"https:\/\/www.semanariolocal.cl\/index.php?rest_route=\/wp\/v2\/users\/1"}],"replies":[{"embeddable":true,"href":"https:\/\/www.semanariolocal.cl\/index.php?rest_route=%2Fwp%2Fv2%2Fcomments&post=10736"}],"version-history":[{"count":1,"href":"https:\/\/www.semanariolocal.cl\/index.php?rest_route=\/wp\/v2\/posts\/10736\/revisions"}],"predecessor-version":[{"id":10738,"href":"https:\/\/www.semanariolocal.cl\/index.php?rest_route=\/wp\/v2\/posts\/10736\/revisions\/10738"}],"wp:featuredmedia":[{"embeddable":true,"href":"https:\/\/www.semanariolocal.cl\/index.php?rest_route=\/wp\/v2\/media\/10737"}],"wp:attachment":[{"href":"https:\/\/www.semanariolocal.cl\/index.php?rest_route=%2Fwp%2Fv2%2Fmedia&parent=10736"}],"wp:term":[{"taxonomy":"category","embeddable":true,"href":"https:\/\/www.semanariolocal.cl\/index.php?rest_route=%2Fwp%2Fv2%2Fcategories&post=10736"},{"taxonomy":"post_tag","embeddable":true,"href":"https:\/\/www.semanariolocal.cl\/index.php?rest_route=%2Fwp%2Fv2%2Ftags&post=10736"}],"curies":[{"name":"wp","href":"https:\/\/api.w.org\/{rel}","templated":true}]}}