{"id":10733,"date":"2023-02-17T21:18:40","date_gmt":"2023-02-18T00:18:40","guid":{"rendered":"https:\/\/www.semanariolocal.cl\/?p=10733"},"modified":"2023-02-17T21:18:41","modified_gmt":"2023-02-18T00:18:41","slug":"masiva-1era-noche-del-festival-de-la-musica-mexicana-puyehue-2023","status":"publish","type":"post","link":"https:\/\/www.semanariolocal.cl\/?p=10733","title":{"rendered":"Masiva 1era noche del Festival de la M\u00fasica Mexicana Puyehue 2023"},"content":{"rendered":"\n<p>En la instancia los miles de turistas de diversas partes del pa\u00eds y del extranjero disfrutaron de un completo repertorio folcl\u00f3rico del Grupo Entre Cordilleras, que mostr\u00f3 un mix de bailes t\u00edpicos desde la Patagonia hasta bailes norte\u00f1os pasando por la cultura mapuche.<\/p>\n\n\n\n<p>Tambi\u00e9n disfrutaron de la alegr\u00eda y toda la m\u00fasica tropical del grupo local Sonora Mix, que hizo bailar a toda la explanada, y telone\u00f3 al grupo de cumbia tropical Z\u00fambale Primo, quienes cerraron la primera noche de celebraci\u00f3n del Festival Internacional de la M\u00fasica Mexicana con broche de oro.<\/p>\n\n\n\n<p>La alcaldesa de Puyehue, Jimena N\u00fa\u00f1ez agradeci\u00f3 \u201ca los cientos de miles que concurrieron anoche a ver este hermoso espect\u00e1culo.&nbsp; Agradecer a Bomberos a Carabineros de Entre Lagos y a tantas personas que contribuyen para que nuestra Municipalidad haga un tremendo evento. Agradecer de coraz\u00f3n a todos los participantes que hacen tambi\u00e9n un esfuerzo por llegar a este escenario, cuna de los grandes int\u00e9rpretes de la m\u00fasica mexicana\u201d.<\/p>\n\n\n\n<p>Con este evento \u2013 agreg\u00f3- \u201cgana un pueblo, ganan los emprendedores, gana el transporte y nuestros empresarios tur\u00edsticos. Aumentar los recursos para traer un grupo de renombre es una inversi\u00f3n\u201d.<\/p>\n\n\n\n<p>En la primera noche tambi\u00e9n se presentaron los 15 seleccionados de la categor\u00eda Golden que mostraron todo su talento sobre el escenario y bajo la atenta mirada del jurado internacional Gao de la Cruz y Roberto N\u00fa\u00f1ez.&nbsp; Hoy ser\u00e1 el turno de los 15 seleccionados de la categor\u00eda Est\u00e1ndar.<\/p>\n\n\n\n<p>Hoy viernes 17 de febrero, se presentar\u00e1n tambi\u00e9n el conjunto Folcl\u00f3rico Hijos de la Tierra, Los Rancheros de Puyehue y el grupo de m\u00fasica ranchera Arremacho.<\/p>\n\n\n\n<p>Para finalizar este gran festival, el principal festival de M\u00fasica Mexicana de Chile, el s\u00e1bado 18 de febrero, se presentar\u00e1n el conjunto Folcl\u00f3rico Los Puyehuitos, L\u00edmite Ranchero y finalizar\u00e1 el popular grupo de m\u00fasica ranchera Los Machos de La Cumbia.<\/p>\n\n\n\n<p>El acceso a estas jornadas de diversi\u00f3n es completamente liberado en la Explanada de Entre Lagos<\/p>\n","protected":false},"excerpt":{"rendered":"<p>Durante la primera noche de celebraci\u00f3n el p\u00fablico disfrut\u00f3 del espect\u00e1culo de los 15 participantes de la competencia internacional en la categor\u00eda Golden. Adem\u00e1s, disfrutaron del entretenido show del grupo folcl\u00f3rico Entre Cordilleras, la banda de m\u00fasica tropical Sonora Mix y el grupo nacional Z\u00fambale Primo. <\/p>\n","protected":false},"author":1,"featured_media":10734,"comment_status":"closed","ping_status":"closed","sticky":false,"template":"","format":"standard","meta":{"footnotes":""},"categories":[3],"tags":[],"class_list":["post-10733","post","type-post","status-publish","format-standard","has-post-thumbnail","hentry","category-al-dia"],"_links":{"self":[{"href":"https:\/\/www.semanariolocal.cl\/index.php?rest_route=\/wp\/v2\/posts\/10733","targetHints":{"allow":["GET"]}}],"collection":[{"href":"https:\/\/www.semanariolocal.cl\/index.php?rest_route=\/wp\/v2\/posts"}],"about":[{"href":"https:\/\/www.semanariolocal.cl\/index.php?rest_route=\/wp\/v2\/types\/post"}],"author":[{"embeddable":true,"href":"https:\/\/www.semanariolocal.cl\/index.php?rest_route=\/wp\/v2\/users\/1"}],"replies":[{"embeddable":true,"href":"https:\/\/www.semanariolocal.cl\/index.php?rest_route=%2Fwp%2Fv2%2Fcomments&post=10733"}],"version-history":[{"count":1,"href":"https:\/\/www.semanariolocal.cl\/index.php?rest_route=\/wp\/v2\/posts\/10733\/revisions"}],"predecessor-version":[{"id":10735,"href":"https:\/\/www.semanariolocal.cl\/index.php?rest_route=\/wp\/v2\/posts\/10733\/revisions\/10735"}],"wp:featuredmedia":[{"embeddable":true,"href":"https:\/\/www.semanariolocal.cl\/index.php?rest_route=\/wp\/v2\/media\/10734"}],"wp:attachment":[{"href":"https:\/\/www.semanariolocal.cl\/index.php?rest_route=%2Fwp%2Fv2%2Fmedia&parent=10733"}],"wp:term":[{"taxonomy":"category","embeddable":true,"href":"https:\/\/www.semanariolocal.cl\/index.php?rest_route=%2Fwp%2Fv2%2Fcategories&post=10733"},{"taxonomy":"post_tag","embeddable":true,"href":"https:\/\/www.semanariolocal.cl\/index.php?rest_route=%2Fwp%2Fv2%2Ftags&post=10733"}],"curies":[{"name":"wp","href":"https:\/\/api.w.org\/{rel}","templated":true}]}}