{"id":10725,"date":"2023-02-17T20:55:49","date_gmt":"2023-02-17T23:55:49","guid":{"rendered":"https:\/\/www.semanariolocal.cl\/?p=10725"},"modified":"2023-02-17T20:58:08","modified_gmt":"2023-02-17T23:58:08","slug":"junji-reconoce-proyectos-innovadores-de-jardines-infantiles","status":"publish","type":"post","link":"https:\/\/www.semanariolocal.cl\/?p=10725","title":{"rendered":"Junji reconoce proyectos innovadores de Jardines Infantiles"},"content":{"rendered":"\n<p>A trav\u00e9s de la encargada de Innovaci\u00f3n de JUNJI Los Lagos, Gladys Vallejos, los jardines infantiles recibieron recientemente el reconocimiento institucional debido a la consolidaci\u00f3n de sus proyectos en educaci\u00f3n inicial y los cuales surgen de la experiencia de sus funcionarias en pasant\u00edas internacionales&nbsp;a Toronto &#8211; Canad\u00e1.<\/p>\n\n\n\n<p>En ese sentido, \u201cFlores del Valle\u201d se destaca como Centro de Colaboraci\u00f3n para la Innovaci\u00f3n Pedag\u00f3gica 2022 a trav\u00e9s de su proyecto&nbsp;Documentando el Aprendizaje para Logros Significativos, dirigido especialmente a los ni\u00f1os y ni\u00f1as de la unidad educativa.<\/p>\n\n\n\n<p>As\u00ed, tambi\u00e9n, Vallejos resalt\u00f3 la labor del establecimiento perteneciente al programa alternativo de JUNJI \u201cLos Pitufos\u201d, por su compromiso y participaci\u00f3n en el encuentro nacional de Pr\u00e1cticas Innovadoras con \u00c9nfasis en la Reflexi\u00f3n Cr\u00edtica y la Colaboraci\u00f3n\u201d, con relaci\u00f3n a su proyecto \u201cEl Juego&nbsp;y las Competencias Globales\u201d, con \u00e9nfasis en las interacciones pedag\u00f3gicas.<strong><\/strong><\/p>\n\n\n<div class=\"wp-block-image\">\n<figure class=\"alignleft size-large is-resized\"><img loading=\"lazy\" decoding=\"async\" src=\"https:\/\/www.semanariolocal.cl\/wp-content\/uploads\/2023\/02\/junji3-450x600.jpg\" alt=\"\" class=\"wp-image-10729\" width=\"326\" height=\"435\" srcset=\"https:\/\/www.semanariolocal.cl\/wp-content\/uploads\/2023\/02\/junji3-450x600.jpg 450w, https:\/\/www.semanariolocal.cl\/wp-content\/uploads\/2023\/02\/junji3-225x300.jpg 225w, https:\/\/www.semanariolocal.cl\/wp-content\/uploads\/2023\/02\/junji3-768x1024.jpg 768w, https:\/\/www.semanariolocal.cl\/wp-content\/uploads\/2023\/02\/junji3.jpg 960w\" sizes=\"auto, (max-width: 326px) 100vw, 326px\" \/><figcaption class=\"wp-element-caption\">Jardin Infantil Flores del valle recibe merecido reconocimiento<\/figcaption><\/figure>\n<\/div>\n\n\n<p>\u201cEstas iniciativas tienen\u00a0el fin de seguir impulsando a las funcionarias a continuar construyendo una cultura para la transformaci\u00f3n pedag\u00f3gica y potenciar as\u00ed, la entrega de una educaci\u00f3n parvularia de calidad acorde a las habilidades y competencias del siglo XXI\u201d, destac\u00f3 Vallejos.<\/p>\n\n\n\n<p>En tanto, el director de JUNJI Los Lagos, Francisco Javier Oshiro, felicit\u00f3 a todas las educadoras que pusieron en pr\u00e1ctica dicho perfeccionamiento, lo cual se ve reflejado en el desarrollo de estos proyectos dirigidos a los p\u00e1rvulos y comunidades de ambos establecimientos.<\/p>\n\n\n\n<p>\u201cEste trabajo institucional, ratifica el esfuerzo y compromiso de nuestros equipos por consolidar la educaci\u00f3n inicial, la cual busca llegar con mejores propuestas educativas hacia los ni\u00f1os y ni\u00f1as, todo dentro de un contexto local y comunitario. Asimismo, enriquecer los espacios educativos y el bienestar de los p\u00e1rvulos, como tambi\u00e9n, apoyar a las familias y proyectar un trabajo pedag\u00f3gico que contribuya a la educaci\u00f3n p\u00fablica en nuestra regi\u00f3n\u201d, relev\u00f3 la autoridad regional de JUNJI.<\/p>\n","protected":false},"excerpt":{"rendered":"<p>Los equipos educativos de Flores del Valle de Puerto Montt y Los Pitufos de Puyehue fueron destacados por su aporte a la comunidad en sus pr\u00e1cticas pedag\u00f3gicas.<\/p>\n","protected":false},"author":1,"featured_media":10726,"comment_status":"closed","ping_status":"closed","sticky":false,"template":"","format":"standard","meta":{"footnotes":""},"categories":[11],"tags":[1490,1489,337,35,348,273,113,247,133],"class_list":["post-10725","post","type-post","status-publish","format-standard","has-post-thumbnail","hentry","category-educacion","tag-francisco-javier-oshiro","tag-gladys-vallejos","tag-informacion","tag-junji","tag-junji-los-lagos","tag-noticias","tag-puerto-montt","tag-region-de-los-lagos","tag-semanario-local"],"_links":{"self":[{"href":"https:\/\/www.semanariolocal.cl\/index.php?rest_route=\/wp\/v2\/posts\/10725","targetHints":{"allow":["GET"]}}],"collection":[{"href":"https:\/\/www.semanariolocal.cl\/index.php?rest_route=\/wp\/v2\/posts"}],"about":[{"href":"https:\/\/www.semanariolocal.cl\/index.php?rest_route=\/wp\/v2\/types\/post"}],"author":[{"embeddable":true,"href":"https:\/\/www.semanariolocal.cl\/index.php?rest_route=\/wp\/v2\/users\/1"}],"replies":[{"embeddable":true,"href":"https:\/\/www.semanariolocal.cl\/index.php?rest_route=%2Fwp%2Fv2%2Fcomments&post=10725"}],"version-history":[{"count":3,"href":"https:\/\/www.semanariolocal.cl\/index.php?rest_route=\/wp\/v2\/posts\/10725\/revisions"}],"predecessor-version":[{"id":10732,"href":"https:\/\/www.semanariolocal.cl\/index.php?rest_route=\/wp\/v2\/posts\/10725\/revisions\/10732"}],"wp:featuredmedia":[{"embeddable":true,"href":"https:\/\/www.semanariolocal.cl\/index.php?rest_route=\/wp\/v2\/media\/10726"}],"wp:attachment":[{"href":"https:\/\/www.semanariolocal.cl\/index.php?rest_route=%2Fwp%2Fv2%2Fmedia&parent=10725"}],"wp:term":[{"taxonomy":"category","embeddable":true,"href":"https:\/\/www.semanariolocal.cl\/index.php?rest_route=%2Fwp%2Fv2%2Fcategories&post=10725"},{"taxonomy":"post_tag","embeddable":true,"href":"https:\/\/www.semanariolocal.cl\/index.php?rest_route=%2Fwp%2Fv2%2Ftags&post=10725"}],"curies":[{"name":"wp","href":"https:\/\/api.w.org\/{rel}","templated":true}]}}