{"id":10701,"date":"2023-02-16T11:54:04","date_gmt":"2023-02-16T14:54:04","guid":{"rendered":"https:\/\/www.semanariolocal.cl\/?p=10701"},"modified":"2023-02-16T11:54:05","modified_gmt":"2023-02-16T14:54:05","slug":"vecina-electrodependiente-de-osorno-recibe-equipo-generador-por-parte-de-saesa","status":"publish","type":"post","link":"https:\/\/www.semanariolocal.cl\/?p=10701","title":{"rendered":"Vecina electrodependiente de Osorno recibe equipo generador por parte de Saesa"},"content":{"rendered":"\n<p class=\"wp-block-paragraph\">Hasta la poblaci\u00f3n Quinto Centenario en Osorno lleg\u00f3 personal de Saesa para hacer entrega de un generador el\u00e9ctrico a Rosa Yefi Huaiquiao, una paciente electrodependiente que desde hace 10 a\u00f1os fue diagnosticada con fibrosis pulmonar y desde ese entonces hasta ahora ha notado como se ha ido deteriorando su salud, pues con solo caminar ya nota un cansancio y requiere de ox\u00edgeno para poder respirar.<\/p>\n\n\n\n<p class=\"wp-block-paragraph\">Francisca Pinol es nieta de Rosa y se\u00f1ala que cuando su abuela utilizaba estanque, todo era m\u00e1s complejo ya que \u201ca veces ten\u00eda problemas, m\u00e1s que nada, est\u00e1bamos constantemente sacando y poniendo el ox\u00edgeno, entonces no ten\u00eda la misma factibilidad que el que le dieron ahora, que es el\u00e9ctrico\u201d.<\/p>\n\n\n\n<p class=\"wp-block-paragraph\">Juan Pablo S\u00e1nchez, jefe de Servicio al Cliente de Saesa en Osorno, se\u00f1al\u00f3 que \u201ccon este generador el\u00e9ctrico podemos mejorar la situaci\u00f3n, no s\u00f3lo de una paciente como es en el caso de la se\u00f1ora Rosa, sino m\u00e1s bien de toda la familia. Por lo mismo, nosotros invitamos a todos quienes tengan la condici\u00f3n de electrodependiente que se acerquen a nuestras oficinas, con el certificado emitido por su m\u00e9dico, para que puedan acceder a este beneficio\u201d.<\/p>\n\n\n\n<p class=\"wp-block-paragraph\">El ejecutivo adem\u00e1s agreg\u00f3 que para m\u00e1s informaci\u00f3n sobre este y otros programas de Saesa, los vecinos pueden informarse a trav\u00e9s de la p\u00e1gina web&nbsp;<a href=\"http:\/\/www.saesa.cl\/\" target=\"_blank\" rel=\"noreferrer noopener\">www.saesa.cl<\/a>&nbsp;y redes sociales (Twitter @saesa, y fanpage de Facebook), adem\u00e1s de la l\u00ednea gratuita 800 600 801 para Saesa y 800 600 804 para Luz Osorno.<\/p>\n","protected":false},"excerpt":{"rendered":"<p>Este elemento le permitir\u00e1 mantener con energ\u00eda su concentrador de ox\u00edgeno, el que es indispensable para su tratamiento.<\/p>\n","protected":false},"author":1,"featured_media":10702,"comment_status":"closed","ping_status":"closed","sticky":false,"template":"","format":"standard","meta":{"footnotes":""},"categories":[3],"tags":[],"class_list":["post-10701","post","type-post","status-publish","format-standard","has-post-thumbnail","hentry","category-al-dia"],"_links":{"self":[{"href":"https:\/\/www.semanariolocal.cl\/index.php?rest_route=\/wp\/v2\/posts\/10701","targetHints":{"allow":["GET"]}}],"collection":[{"href":"https:\/\/www.semanariolocal.cl\/index.php?rest_route=\/wp\/v2\/posts"}],"about":[{"href":"https:\/\/www.semanariolocal.cl\/index.php?rest_route=\/wp\/v2\/types\/post"}],"author":[{"embeddable":true,"href":"https:\/\/www.semanariolocal.cl\/index.php?rest_route=\/wp\/v2\/users\/1"}],"replies":[{"embeddable":true,"href":"https:\/\/www.semanariolocal.cl\/index.php?rest_route=%2Fwp%2Fv2%2Fcomments&post=10701"}],"version-history":[{"count":1,"href":"https:\/\/www.semanariolocal.cl\/index.php?rest_route=\/wp\/v2\/posts\/10701\/revisions"}],"predecessor-version":[{"id":10703,"href":"https:\/\/www.semanariolocal.cl\/index.php?rest_route=\/wp\/v2\/posts\/10701\/revisions\/10703"}],"wp:featuredmedia":[{"embeddable":true,"href":"https:\/\/www.semanariolocal.cl\/index.php?rest_route=\/wp\/v2\/media\/10702"}],"wp:attachment":[{"href":"https:\/\/www.semanariolocal.cl\/index.php?rest_route=%2Fwp%2Fv2%2Fmedia&parent=10701"}],"wp:term":[{"taxonomy":"category","embeddable":true,"href":"https:\/\/www.semanariolocal.cl\/index.php?rest_route=%2Fwp%2Fv2%2Fcategories&post=10701"},{"taxonomy":"post_tag","embeddable":true,"href":"https:\/\/www.semanariolocal.cl\/index.php?rest_route=%2Fwp%2Fv2%2Ftags&post=10701"}],"curies":[{"name":"wp","href":"https:\/\/api.w.org\/{rel}","templated":true}]}}