{"id":10655,"date":"2023-02-13T14:25:53","date_gmt":"2023-02-13T17:25:53","guid":{"rendered":"https:\/\/www.semanariolocal.cl\/?p=10655"},"modified":"2023-02-13T14:25:53","modified_gmt":"2023-02-13T17:25:53","slug":"estudiantes-diseno-grafico-st-crean-nueva-marca-para-escuela-diferencial-aspadep","status":"publish","type":"post","link":"https:\/\/www.semanariolocal.cl\/?p=10655","title":{"rendered":"Estudiantes Dise\u00f1o Gr\u00e1fico ST crean nueva marca para Escuela Diferencial Aspadep"},"content":{"rendered":"\n<p class=\"wp-block-paragraph\">La Escuela Diferencial Aspadep cuenta con una nueva marca gr\u00e1fica gracias a estudiantes de segundo a\u00f1o de la carrera Dise\u00f1o Gr\u00e1fico del Instituto Profesional Santo Tom\u00e1s sede Puerto Montt, esto gracias al trabajo colaborativo que desarrollaron los alumnos de cuarto semestre bajo la tutela de Fernando Brice\u00f1o, docente a cargo de la asignatura Taller de Marca, en conjunto con el cuerpo directivo del establecimiento educacional.<\/p>\n\n\n\n<p class=\"wp-block-paragraph\">As\u00ed fue como Florencia Bastidas Venegas, Naisis Ortega Alvarado, Fernanda Fr\u00edas Lev\u00edn, Nicol\u00e1s Far\u00edas Bahamondes, <a>Juan Zenteno <\/a>Potthoff y M\u00f3nica Moyano Maldonado, luego de un arduo trabajo creativo, que involucr\u00f3 reuniones en la sede tomasina y visitas a la escuela ubicada en Puerto Varas, crearon el logo del establecimiento, adem\u00e1s del dise\u00f1o de los distintivos para la panader\u00eda y el taller de arte de Aspadep.<\/p>\n\n\n\n<p class=\"wp-block-paragraph\">Karla Venegas, directora de la carrera de Dise\u00f1o Gr\u00e1fico de Santo Tom\u00e1s explic\u00f3 que llegaron a la entidad a trav\u00e9s de la Unidad de Fomento Productivo de la Municipalidad de Puerto Varas. \u201cSe nos pidi\u00f3 colaborar con ellos para hacer un refresh de marca paraguas y hacer tambi\u00e9n un dise\u00f1o para las distintas \u00e1reas de desarrollo que tiene el establecimiento. Hicieron un trabajo colaborativo de permanente comunicaci\u00f3n donde primero nos visitaron desde la escuela en nuestra sede y, posteriormente, nuestros alumnos fueron al lugar para tener un mayor levantamiento de informaci\u00f3n y ah\u00ed empezaron las propuestas de los distintos grupos de trabajo\u201d, detall\u00f3.<\/p>\n\n\n\n<p class=\"wp-block-paragraph\">Fernando Brice\u00f1o, docente del Taller de Marca para estudiantes de cuarto semestre de la carrera, agreg\u00f3 que los estudiantes crearon la identidad de marca para la escuela luego que \u201cse les plante\u00f3 el desaf\u00edo y ellos lo asumieron de muy buena manera. El proceso de trabajo se ejecut\u00f3 como lo enfrentar\u00e1n en el mundo laboral y producto de eso se desarrollaron tres marcas para la escuela:&nbsp; un logo en s\u00ed, uno para la panader\u00eda donde les ense\u00f1an a los ni\u00f1os el oficio y otro para su taller de arte donde van a exponer a ferias y venden sus productos, por lo que fue muy positivo el balance final y se alcanz\u00f3 el objetivo planteado\u201d.<\/p>\n\n\n\n<p class=\"wp-block-paragraph\">En la asignatura se formaron grupos de trabajo y \u201ccompet\u00edan\u201d por ser elegidos por la Escuela Diferencial con su propuesta creativa. Entre los participantes del grupo que Aspadep eligi\u00f3 su dise\u00f1o como nueva marca est\u00e1 M\u00f3nica Moyano quien dijo que \u201cfue una experiencia muy linda, s\u00faper agotadora, tambi\u00e9n, pero al ser un grupo de seis personas trabajando en la misma idea fue mucho m\u00e1s din\u00e1mico porque hab\u00eda hartas ideas, motivaci\u00f3n y disposici\u00f3n por parte de todos. Creo que eso es s\u00faper importante en un grupo de trabajo\u201d.<\/p>\n\n\n\n<p class=\"wp-block-paragraph\">\u201cEn el desarrollo de esta tarea tuvimos muchas ideas, de cada una sal\u00edan m\u00e1s variaciones y todo eso solo nac\u00eda del grupo en el trabajo inicial, luego vinieron los procesos de cambios con la misma instituci\u00f3n donde la disposici\u00f3n de Aspadep fue buena. Las ideas las ten\u00edamos claras, las bases sobre las que quer\u00edamos trabajar tambi\u00e9n, as\u00ed que al menos la parte ideol\u00f3gica de la marca no fue un problema y logramos entender qu\u00e9 buscaban y deseaban comunicar a trav\u00e9s de ella\u201d, agreg\u00f3.<\/p>\n\n\n\n<p class=\"wp-block-paragraph\">Juan Zenteno, compa\u00f1ero de M\u00f3nica en el grupo de trabajo, sostuvo que le encant\u00f3 realizar este desaf\u00edo \u201cpor el hecho de que cada uno de mis compa\u00f1eros tiene su propia identidad y su estilo gr\u00e1fico y al complementarlos fue lindo porque hab\u00eda cosas que nos gustaba del otro y as\u00ed creamos la marca que pueden observar, nos sirvi\u00f3 a nosotros tambi\u00e9n para afiatarnos c\u00f3mo grupo y entender los requerimientos de los clientes en todo el proceso\u201d.<\/p>\n\n\n\n<p class=\"wp-block-paragraph\">Sobre la ejecuci\u00f3n explic\u00f3 que \u201cprimero con la ayuda de nuestro profesor empezamos con una lluvia de ideas y con eso a realizar bocetos desde los diferentes estilos que tenemos cada uno de nosotros, de ellos rescatamos algunas figuras o s\u00edmbolos caracter\u00edsticos que quer\u00edamos expresar en el logo. Para eso, investigamos mucho a la instituci\u00f3n. conociendo su historia, sus valores y su esencia que ellos quer\u00edan plasmar en esta nueva marca. As\u00ed fuimos logrando nuestro objetivo\u201d.<\/p>\n\n\n\n<p class=\"wp-block-paragraph\">Por su parte, desde el establecimiento, Mariela Beyer, jefa de UTP de Escuela Diferencial Aspadep dijo que este trabajo responde a \u201cuna necesidad que nosotros ten\u00edamos, la cual resolvimos, potenciando nuestro trabajo y, sobre todo, mostr\u00e1ndonos a la comunidad, para eso fue fundamental el trabajo colaborativo con Santo Tom\u00e1s\u201d.<\/p>\n\n\n\n<p class=\"wp-block-paragraph\">Opini\u00f3n que comparte Carmen Pizarro, directora de Aspadep, quien explic\u00f3 que necesitaban refrescar su presencia gr\u00e1fica para mostrar su labor a la comunidad. \u201cSomos una escuela que damos atenci\u00f3n a estudiantes en situaciones de discapacidad que buscamos insertarlos socio-laboralmente porque creemos en la inclusi\u00f3n, en el desarrollo de habilidades de nuestros estudiantes y que ellos tienen un espacio dentro de la sociedad y nosotros vamos por \u00e9l\u201d, explic\u00f3 sobre la misi\u00f3n de la escuela que buscaron plasmar en el logo.<\/p>\n","protected":false},"excerpt":{"rendered":"<p>Alrededor de dos meses de trabajo les llev\u00f3 a un grupo de seis estudiantes de la asignatura Taller de Marca, dar con la propuesta final que incluye el nuevo logo de la entidad educativa, m\u00e1s dos dise\u00f1os para su panader\u00eda y taller de arte.<\/p>\n","protected":false},"author":1,"featured_media":10656,"comment_status":"closed","ping_status":"closed","sticky":false,"template":"","format":"standard","meta":{"footnotes":""},"categories":[3],"tags":[337,273,247,133,373,329],"class_list":["post-10655","post","type-post","status-publish","format-standard","has-post-thumbnail","hentry","category-al-dia","tag-informacion","tag-noticias","tag-region-de-los-lagos","tag-semanario-local","tag-universidad-santo-tomas","tag-ust"],"_links":{"self":[{"href":"https:\/\/www.semanariolocal.cl\/index.php?rest_route=\/wp\/v2\/posts\/10655","targetHints":{"allow":["GET"]}}],"collection":[{"href":"https:\/\/www.semanariolocal.cl\/index.php?rest_route=\/wp\/v2\/posts"}],"about":[{"href":"https:\/\/www.semanariolocal.cl\/index.php?rest_route=\/wp\/v2\/types\/post"}],"author":[{"embeddable":true,"href":"https:\/\/www.semanariolocal.cl\/index.php?rest_route=\/wp\/v2\/users\/1"}],"replies":[{"embeddable":true,"href":"https:\/\/www.semanariolocal.cl\/index.php?rest_route=%2Fwp%2Fv2%2Fcomments&post=10655"}],"version-history":[{"count":1,"href":"https:\/\/www.semanariolocal.cl\/index.php?rest_route=\/wp\/v2\/posts\/10655\/revisions"}],"predecessor-version":[{"id":10657,"href":"https:\/\/www.semanariolocal.cl\/index.php?rest_route=\/wp\/v2\/posts\/10655\/revisions\/10657"}],"wp:featuredmedia":[{"embeddable":true,"href":"https:\/\/www.semanariolocal.cl\/index.php?rest_route=\/wp\/v2\/media\/10656"}],"wp:attachment":[{"href":"https:\/\/www.semanariolocal.cl\/index.php?rest_route=%2Fwp%2Fv2%2Fmedia&parent=10655"}],"wp:term":[{"taxonomy":"category","embeddable":true,"href":"https:\/\/www.semanariolocal.cl\/index.php?rest_route=%2Fwp%2Fv2%2Fcategories&post=10655"},{"taxonomy":"post_tag","embeddable":true,"href":"https:\/\/www.semanariolocal.cl\/index.php?rest_route=%2Fwp%2Fv2%2Ftags&post=10655"}],"curies":[{"name":"wp","href":"https:\/\/api.w.org\/{rel}","templated":true}]}}