{"id":10594,"date":"2023-02-03T07:05:00","date_gmt":"2023-02-03T10:05:00","guid":{"rendered":"https:\/\/www.semanariolocal.cl\/?p=10594"},"modified":"2023-02-04T01:07:58","modified_gmt":"2023-02-04T04:07:58","slug":"sernapesca-sorprende-a-46-embarcaciones-en-incumplimiento-a-la-normativa-pesquera","status":"publish","type":"post","link":"https:\/\/www.semanariolocal.cl\/?p=10594","title":{"rendered":"Sernapesca sorprende a 46 embarcaciones en incumplimiento a la normativa pesquera"},"content":{"rendered":"\n<p>Tras realizar un an\u00e1lisis previo de fiscalizaci\u00f3n con an\u00e1lisis documental y satelital, Sernapesca Ays\u00e9n organiz\u00f3 un operativo a\u00e9reo para controlar a un total de 68 embarcaciones que estaban realizando actividades extractivas y de transporte de recursos en el sector del Golfo de Penas, la pen\u00ednsula Tres Montes e Isla Byron en la regi\u00f3n, detectando un 68% de incumplimiento, correspondiente a 46 embarcaciones.<\/p>\n\n\n\n<p>De esta forma, entre los principales incumplimientos detectados se encontraron 14 naves artesanales de la regi\u00f3n de Los Lagos realizando extracci\u00f3n de luga roja en el Golfo Tres Montes, zona que est\u00e1 excluida del convenio de zonas contiguas por estar comprendida dentro del Parque Laguna San Rafael y por lo tanto con prohibici\u00f3n de extracci\u00f3n de recursos en ese lugar.<\/p>\n\n\n\n<p>Adem\u00e1s, se identific\u00f3 a 5 naves artesanales de la regi\u00f3n de Los Lagos realizando extracci\u00f3n de reineta en sector de aguas oce\u00e1nicas de la regi\u00f3n de Ays\u00e9n sin la respectiva autorizaci\u00f3n, y otras 27 naves artesanales en el sector de isla Byron que estaban extrayendo luga roja, de las cuales 9 pertenec\u00edan a la regi\u00f3n de Magallanes, sin autorizaciones para operar en la regi\u00f3n de Ays\u00e9n, y 18 a la regi\u00f3n de Los Lagos sin autorizaci\u00f3n de ingreso a zonas contiguas.<\/p>\n\n\n\n<p>Seg\u00fan Jorge Padilla, Director Regional (S) de Sernapesca Ays\u00e9n, \u201ceste vuelo registr\u00f3 la mayor cantidad de naves con infracci\u00f3n normativa desde que est\u00e1 en funcionamiento el programa de fiscalizaci\u00f3n a\u00e9rea, y donde lamentablemente una proporci\u00f3n de las embarcaciones de la regi\u00f3n de Los lagos una vez m\u00e1s incumplen con el convenio de zonas contiguas al no respetar los requisitos y condiciones de operaci\u00f3n en la regi\u00f3n de Ays\u00e9n tanto en las zonas en las cuales pueden realizar extracci\u00f3n as\u00ed como sobre los recursos pesqueros autorizados, y donde adem\u00e1s se ha constatado la incursi\u00f3n de flota de la regi\u00f3n de Magallanes a operar tambi\u00e9n en esta zona, situaciones que al no ser reportadas en las declaraciones de desembarque artesanal atentan gravemente contra la sustentabilidad de estas pesquer\u00edas\u201d.<\/p>\n\n\n\n<p>Los infractores ser\u00e1n citados al Juzgado de Letras y Garant\u00eda de la regi\u00f3n de Ays\u00e9n a efectos de responder por las infracciones a la Ley General de Pesca y Acuicultura.<\/p>\n","protected":false},"excerpt":{"rendered":"<p>Los infractores ser\u00e1n citados al Juzgado de Letras y Garant\u00eda de la regi\u00f3n de Ays\u00e9n a efectos de responder por las infracciones a la Ley General de Pesca y Acuicultura.<\/p>\n","protected":false},"author":1,"featured_media":10595,"comment_status":"closed","ping_status":"closed","sticky":false,"template":"","format":"standard","meta":{"footnotes":""},"categories":[3],"tags":[337,273,247,133,733],"class_list":["post-10594","post","type-post","status-publish","format-standard","has-post-thumbnail","hentry","category-al-dia","tag-informacion","tag-noticias","tag-region-de-los-lagos","tag-semanario-local","tag-sernapesca"],"_links":{"self":[{"href":"https:\/\/www.semanariolocal.cl\/index.php?rest_route=\/wp\/v2\/posts\/10594","targetHints":{"allow":["GET"]}}],"collection":[{"href":"https:\/\/www.semanariolocal.cl\/index.php?rest_route=\/wp\/v2\/posts"}],"about":[{"href":"https:\/\/www.semanariolocal.cl\/index.php?rest_route=\/wp\/v2\/types\/post"}],"author":[{"embeddable":true,"href":"https:\/\/www.semanariolocal.cl\/index.php?rest_route=\/wp\/v2\/users\/1"}],"replies":[{"embeddable":true,"href":"https:\/\/www.semanariolocal.cl\/index.php?rest_route=%2Fwp%2Fv2%2Fcomments&post=10594"}],"version-history":[{"count":1,"href":"https:\/\/www.semanariolocal.cl\/index.php?rest_route=\/wp\/v2\/posts\/10594\/revisions"}],"predecessor-version":[{"id":10596,"href":"https:\/\/www.semanariolocal.cl\/index.php?rest_route=\/wp\/v2\/posts\/10594\/revisions\/10596"}],"wp:featuredmedia":[{"embeddable":true,"href":"https:\/\/www.semanariolocal.cl\/index.php?rest_route=\/wp\/v2\/media\/10595"}],"wp:attachment":[{"href":"https:\/\/www.semanariolocal.cl\/index.php?rest_route=%2Fwp%2Fv2%2Fmedia&parent=10594"}],"wp:term":[{"taxonomy":"category","embeddable":true,"href":"https:\/\/www.semanariolocal.cl\/index.php?rest_route=%2Fwp%2Fv2%2Fcategories&post=10594"},{"taxonomy":"post_tag","embeddable":true,"href":"https:\/\/www.semanariolocal.cl\/index.php?rest_route=%2Fwp%2Fv2%2Ftags&post=10594"}],"curies":[{"name":"wp","href":"https:\/\/api.w.org\/{rel}","templated":true}]}}