{"id":10562,"date":"2023-02-01T11:30:00","date_gmt":"2023-02-01T14:30:00","guid":{"rendered":"https:\/\/www.semanariolocal.cl\/?p=10562"},"modified":"2023-02-03T10:40:39","modified_gmt":"2023-02-03T13:40:39","slug":"nestle-chile-sigue-suapuesta-por-promover-la-agricultura-regenerativa","status":"publish","type":"post","link":"https:\/\/www.semanariolocal.cl\/?p=10562","title":{"rendered":"Nestl\u00e9 Chile sigue su apuesta por promover la agricultura regenerativa"},"content":{"rendered":"\n<p>Con la presencia de destacadas autoridades regionales, una veintena de productores l\u00e1cteos, representantes de la academia y ONGs, Nestl\u00e9 Chile realiz\u00f3 la<strong><em>&nbsp;<\/em><\/strong>cuarta entrega de los \u201cReconocimiento de pr\u00e1cticas de sustentabilidad en lecher\u00edas Nestl\u00e9 2022\u201d.<\/p>\n\n\n\n<p>En septiembre de 2021, la compa\u00f1\u00eda anunci\u00f3 su estrategia global para apoyar y acelerar la transici\u00f3n&nbsp;hacia la agricultura regenerativa, cuyo objetivo es proteger y restaurar las tierras de cultivo y su ecosistema, mejorar los medios de vida de los agricultores, su resiliencia y el bienestar de las comunidades vinculadas a la producci\u00f3n de materias primas e insumos necesarios para fabricar sus alimentos. Todo lo anterior con el compromiso de obtener a 2025 el 20% de sus ingredientes a trav\u00e9s de pr\u00e1cticas regenerativas y el 50% a 2030.<\/p>\n\n\n\n<p>\u201cEstamos destacando el compromiso y esfuerzo de nuestros productores de leche, ya que este trabajo conjunto ha permitido implementar pr\u00e1cticas en m\u00e1s de 26 mil hect\u00e1reas, donde se producen cerca de 120 millones de litros de leche, y cuyos efectos se tradujeron en la reducci\u00f3n de 29 mil toneladas de CO2e en 2022\u201d, explic\u00f3 Enrique Vega, gerente de pol\u00edtica agropecuaria de Nestl\u00e9 Chile.<\/p>\n\n\n\n<p>El ministro de Agricultura, Esteban Valenzuela, quien a trav\u00e9s de un video se hizo presente en la ceremonia, valor\u00f3 este compromiso con la innovaci\u00f3n, destac\u00e1ndolo como un aporte a la industria agroalimentaria. \u201cSabemos el esfuerzo del pastoreo y de la importancia de lo regenerativo, la trazabilidad, calidad y transparencia del mercado, para as\u00ed continuar construyendo con innovaci\u00f3n una agroindustria a escala internacional\u201d.<\/p>\n\n\n\n<p>A la fecha, son cerca de 300 productores de leche los que se han comprometido junto a Nestl\u00e9 a incorporar la sustentabilidad en sus procesos. De ellos, dos fundos ya iniciaron su transici\u00f3n para convertirse en \u201cGranja Cero Emisi\u00f3n Neta\u201d y hoy se anunci\u00f3 la tercera que corresponde al \u201cFundo Cuel\u201d de la ciudad de Los \u00c1ngeles, propiedad de Enrique Tapia, quien explic\u00f3 que dentro de sus pr\u00e1cticas est\u00e1 la aplicaci\u00f3n de nuevas t\u00e9cnicas como la disminuci\u00f3n en un 50% el uso de fertilizantes qu\u00edmicos.<\/p>\n\n\n\n<p>\u201cEs un desaf\u00edo importante, porque estamos trabajando hace dos a\u00f1os, aplicando algunas pr\u00e1cticas como por ejemplo reemplazando la urea por fertilizantes naturales, guiados por Nestl\u00e9 que nos ha incentivado a usarlo y ya hemos visto importantes resultados\u201d, coment\u00f3 Enrique Tapia.&nbsp;<\/p>\n\n\n\n<h2 class=\"wp-block-heading\">Productores destacados<\/h2>\n\n\n<div class=\"wp-block-image\">\n<figure class=\"alignleft size-large is-resized\"><img loading=\"lazy\" decoding=\"async\" src=\"https:\/\/www.semanariolocal.cl\/wp-content\/uploads\/2023\/02\/produc2-1000x600.jpg\" alt=\"\" class=\"wp-image-10565\" width=\"445\" height=\"267\" srcset=\"https:\/\/www.semanariolocal.cl\/wp-content\/uploads\/2023\/02\/produc2.jpg 1000w, https:\/\/www.semanariolocal.cl\/wp-content\/uploads\/2023\/02\/produc2-300x180.jpg 300w, https:\/\/www.semanariolocal.cl\/wp-content\/uploads\/2023\/02\/produc2-768x461.jpg 768w\" sizes=\"auto, (max-width: 445px) 100vw, 445px\" \/><\/figure>\n<\/div>\n\n\n<p>El \u201cReconocimiento de Pr\u00e1cticas de Sustentabilidad en Lecher\u00edas Nestl\u00e9 2022\u201d releva la labor que est\u00e1n realizando los productores en sus predios para implementar mejores pr\u00e1cticas, impactando positivamente en la industria. Los fundos destacados en esta oportunidad fueron: Fair Crops SPA, de Fundo La Estampida; Egon Hoffmann, Fundo El Laurel; Alejandro Schilling, de Agr\u00edcola Crucero Viejo; Walter Mu\u00f1oz, de Fundo San Pedro; Jorge Garc\u00eda, de Fundo San Jos\u00e9 de Quilque; Elizabeth Silva, de Parcela n\u00b02 Ponhuipa, H\u00e9ctor Uribe, de Fundo La Pen\u00ednsula; Germ\u00e1n Stolzenbach, de Fundo El Copihue y Marianne K\u00f6nekamp, de Fundo Villa Alegre.<\/p>\n\n\n\n<p>Tambi\u00e9n, se hizo entrega de los \u201cFondos Concursables Nestl\u00e9 para el Manejo y la Gesti\u00f3n de Purines\u201d, que este a\u00f1o premi\u00f3 a siete productores de leche: Jaime Altamirano, de Fundo El Avellano; Mauricio Mart\u00ednez, de Fundo La Chacra; Liliana Ruiz, de Fundo La Pradera; Ricardo Bornscheuer, de Fundo Quebrada Honda; Catia Konrad, de Fundo La Herradura; Jos\u00e9 Lobos, de Fundo Chacayal y Germ\u00e1n Robles de Agropecuaria Los Varones.<\/p>\n","protected":false},"excerpt":{"rendered":"<p>Nueve productores lecheros recibieron el \u201cReconocimiento de Pr\u00e1cticas de Sustentabilidad en Lecher\u00edas Nestl\u00e9 2022\u201d, por su compromiso con la reducci\u00f3n de gases de efecto invernadero y los avances en pr\u00e1cticas de agricultura regenerativa, destacando a Enrique Tapia, de Fundo Cuel de Los \u00c1ngeles, que inici\u00f3 la transici\u00f3n para convertirse en la tercera \u201cGranja Cero Emisi\u00f3n Neta\u201d.<\/p>\n","protected":false},"author":1,"featured_media":10563,"comment_status":"closed","ping_status":"closed","sticky":false,"template":"","format":"standard","meta":{"footnotes":""},"categories":[20,3],"tags":[1441,1442,337,1439,510,273,1440,247,133,282],"class_list":["post-10562","post","type-post","status-publish","format-standard","has-post-thumbnail","hentry","category-agro","category-al-dia","tag-fundo-cuel","tag-granja-cero-emision-neta","tag-informacion","tag-lecheria","tag-nestle-2","tag-noticias","tag-produccion-regenerativa","tag-region-de-los-lagos","tag-semanario-local","tag-sur-de-chile"],"_links":{"self":[{"href":"https:\/\/www.semanariolocal.cl\/index.php?rest_route=\/wp\/v2\/posts\/10562","targetHints":{"allow":["GET"]}}],"collection":[{"href":"https:\/\/www.semanariolocal.cl\/index.php?rest_route=\/wp\/v2\/posts"}],"about":[{"href":"https:\/\/www.semanariolocal.cl\/index.php?rest_route=\/wp\/v2\/types\/post"}],"author":[{"embeddable":true,"href":"https:\/\/www.semanariolocal.cl\/index.php?rest_route=\/wp\/v2\/users\/1"}],"replies":[{"embeddable":true,"href":"https:\/\/www.semanariolocal.cl\/index.php?rest_route=%2Fwp%2Fv2%2Fcomments&post=10562"}],"version-history":[{"count":3,"href":"https:\/\/www.semanariolocal.cl\/index.php?rest_route=\/wp\/v2\/posts\/10562\/revisions"}],"predecessor-version":[{"id":10581,"href":"https:\/\/www.semanariolocal.cl\/index.php?rest_route=\/wp\/v2\/posts\/10562\/revisions\/10581"}],"wp:featuredmedia":[{"embeddable":true,"href":"https:\/\/www.semanariolocal.cl\/index.php?rest_route=\/wp\/v2\/media\/10563"}],"wp:attachment":[{"href":"https:\/\/www.semanariolocal.cl\/index.php?rest_route=%2Fwp%2Fv2%2Fmedia&parent=10562"}],"wp:term":[{"taxonomy":"category","embeddable":true,"href":"https:\/\/www.semanariolocal.cl\/index.php?rest_route=%2Fwp%2Fv2%2Fcategories&post=10562"},{"taxonomy":"post_tag","embeddable":true,"href":"https:\/\/www.semanariolocal.cl\/index.php?rest_route=%2Fwp%2Fv2%2Ftags&post=10562"}],"curies":[{"name":"wp","href":"https:\/\/api.w.org\/{rel}","templated":true}]}}