{"id":10555,"date":"2023-02-02T20:30:00","date_gmt":"2023-02-02T23:30:00","guid":{"rendered":"https:\/\/www.semanariolocal.cl\/?p=10555"},"modified":"2023-02-03T00:56:02","modified_gmt":"2023-02-03T03:56:02","slug":"ministerio-de-medio-ambiente-considera-admisible-solicitud-de-resguardo-de-rio-damas-en-osorno","status":"publish","type":"post","link":"https:\/\/www.semanariolocal.cl\/?p=10555","title":{"rendered":"Ministerio de Medio Ambiente considera admisible solicitud de resguardo de R\u00edo Damas en Osorno"},"content":{"rendered":"\n<p>El municipio de Osorno recepcion\u00f3 la respuesta de la cartera ministerial de Medio Ambiente, que acoge a tr\u00e1mite la solicitud de declaratoria del humedal urbano a cinco humedales que circundan la zona urbana del r\u00edo Damas, con lo cual esta entidad p\u00fablica tiene seis meses para efectuar el an\u00e1lisis de los antecedentes y reconocer, o no, dichos terrenos como una zona natural protegida.&nbsp;&nbsp;&nbsp;<\/p>\n\n\n\n<p>El alcalde Emeterio Carrillo dijo que esta decisi\u00f3n la inici\u00f3 en marzo del 2022, lo que viene a refrendar el trabajo que ha liderado el municipio osornino en materia de protecci\u00f3n medio ambiental. \u201cEn dicha oportunidad se prepar\u00f3 un dosier de antecedentes, fundamentando esta solicitud de declaratoria de humedal urbano en cinco zonas puntuales del r\u00edo Damas, caudal que se ha visto amenazado con distintos tipos de contaminaci\u00f3n, causada por seres humanos\u201d.<\/p>\n\n\n\n<p>El edil manifest\u00f3 que para la gesti\u00f3n edilicia, que lidera en la comuna de Osorno, esta tem\u00e1tica es una prioridad, \u201cpor ello es que a trav\u00e9s del Departamento de Medio Ambiente, se implement\u00f3 una mesa de trabajo junto a organizaciones ambientalistas, con quienes se estableci\u00f3 un catastro de humedales urbanos, entre los cuales est\u00e1n estas cinco solicitudes presentadas en bien del r\u00edo Damas\u201d.<\/p>\n\n\n\n<p>La autoridad aprovech\u00f3 la oportunidad de se\u00f1alar que, el 2 de febrero se recuerda el d\u00eda mundial de los humedales, fecha orientada a generar conciencia ciudadana acerca de la importancia de estos ecosistemas para la biodiversidad y el planeta, \u201cde all\u00ed que la admisibilidad a las solicitudes de declaratorias a cinco puntos en el r\u00edo Damas resulte ser una coincidencia muy importante y meritoria la efem\u00e9ride\u201d.<\/p>\n\n\n\n<p>Desde el municipio se inform\u00f3 que, tal cual lo estipula el t\u00edtulo IV del Reglamento de Humedales Urbanos, las municipalidades pueden dictar una ordenanza general que contenga los criterios para la protecci\u00f3n, conservaci\u00f3n y preservaci\u00f3n de estas superficies ubicadas en los l\u00edmites de su comuna, normativa que para el caso de Osorno ya est\u00e1 lista, restando \u00fanicamente el proceso de participaci\u00f3n ciudadana, que seg\u00fan la Jefa del Departamento de Medio Ambiente, Alejandra Navarrete, se desarrollar\u00e1 el segundo trimestre de este a\u00f1o 2023, para luego comience a regir en el \u00e1mbito urbano y rural del territorio local.<\/p>\n","protected":false},"excerpt":{"rendered":"<p>El Diario Oficial, con fecha del mi\u00e9rcoles 1 de febrero del 2023, public\u00f3 listado de solicitudes de reconocimiento de humedales urbanos, entre ellas las presentadas por la Municipalidad de Osorno a favor del r\u00edo Damas. <\/p>\n","protected":false},"author":1,"featured_media":10556,"comment_status":"closed","ping_status":"closed","sticky":false,"template":"","format":"standard","meta":{"footnotes":""},"categories":[3],"tags":[1435,276,337,1433,273,132,247,1434,133],"class_list":["post-10555","post","type-post","status-publish","format-standard","has-post-thumbnail","hentry","category-al-dia","tag-alcalde-de-osorno","tag-emeterio-carrillo","tag-informacion","tag-ministerio-de-medio-ambiente","tag-noticias","tag-osorno","tag-region-de-los-lagos","tag-rio-damas","tag-semanario-local"],"_links":{"self":[{"href":"https:\/\/www.semanariolocal.cl\/index.php?rest_route=\/wp\/v2\/posts\/10555","targetHints":{"allow":["GET"]}}],"collection":[{"href":"https:\/\/www.semanariolocal.cl\/index.php?rest_route=\/wp\/v2\/posts"}],"about":[{"href":"https:\/\/www.semanariolocal.cl\/index.php?rest_route=\/wp\/v2\/types\/post"}],"author":[{"embeddable":true,"href":"https:\/\/www.semanariolocal.cl\/index.php?rest_route=\/wp\/v2\/users\/1"}],"replies":[{"embeddable":true,"href":"https:\/\/www.semanariolocal.cl\/index.php?rest_route=%2Fwp%2Fv2%2Fcomments&post=10555"}],"version-history":[{"count":1,"href":"https:\/\/www.semanariolocal.cl\/index.php?rest_route=\/wp\/v2\/posts\/10555\/revisions"}],"predecessor-version":[{"id":10557,"href":"https:\/\/www.semanariolocal.cl\/index.php?rest_route=\/wp\/v2\/posts\/10555\/revisions\/10557"}],"wp:featuredmedia":[{"embeddable":true,"href":"https:\/\/www.semanariolocal.cl\/index.php?rest_route=\/wp\/v2\/media\/10556"}],"wp:attachment":[{"href":"https:\/\/www.semanariolocal.cl\/index.php?rest_route=%2Fwp%2Fv2%2Fmedia&parent=10555"}],"wp:term":[{"taxonomy":"category","embeddable":true,"href":"https:\/\/www.semanariolocal.cl\/index.php?rest_route=%2Fwp%2Fv2%2Fcategories&post=10555"},{"taxonomy":"post_tag","embeddable":true,"href":"https:\/\/www.semanariolocal.cl\/index.php?rest_route=%2Fwp%2Fv2%2Ftags&post=10555"}],"curies":[{"name":"wp","href":"https:\/\/api.w.org\/{rel}","templated":true}]}}