{"id":10552,"date":"2023-02-02T21:30:00","date_gmt":"2023-02-03T00:30:00","guid":{"rendered":"https:\/\/www.semanariolocal.cl\/?p=10552"},"modified":"2023-02-03T00:47:35","modified_gmt":"2023-02-03T03:47:35","slug":"solicitan-aclarar-supuesto-ofrecimiento-para-desminado-en-ucrania","status":"publish","type":"post","link":"https:\/\/www.semanariolocal.cl\/?p=10552","title":{"rendered":"Solicitan aclarar supuesto ofrecimiento para desminado en Ucrania\u00a0"},"content":{"rendered":"\n<p>Los diputados de la UDI que integran la comisi\u00f3n de Defensa de la C\u00e1mara Baja, Cristhian Moreira y \u00c1lvaro Carter, llamaron al Gobierno a aclarar si efectivamente el Presidente Gabriel Boric comprometi\u00f3 el env\u00edo de barcos navales a territorio ucraniano -tal como lo public\u00f3 un medio de comunicaci\u00f3n alem\u00e1n-, asegurando que, de ser efectiva la informaci\u00f3n, \u201c reflejar\u00eda lo desconectado que est\u00e1n las autoridades y su incapacidad de entender cu\u00e1les son las verdaderas prioridades\u201d.<\/p>\n\n\n\n<p>Al respecto, los parlamentarios gremialistas hicieron referencia a la visita reciente que hizo el canciller de Alemania, Olaf Scholz, donde el actual Mandatario le habr\u00eda ofrecido su colaboraci\u00f3n para desminar las minas rusas en el Mar Negro. Por lo mismo, los diputados de la UDI advirtieron que \u201cser\u00eda absolutamente inentendible que se distraigan recursos y efectivos de las Fuerzas Armadas cuando estamos viviendo una de las peores crisis migratorias de nuestra historia y necesitamos, hoy m\u00e1s que nunca, la colaboraci\u00f3n de ellos en el resguardo y control de las fronteras\u201d.<\/p>\n\n\n\n<p>\u201cCuesta entender cu\u00e1les son las verdaderas prioridades del Gobierno y del Presidente Boric, cuando vemos que -arbitrariamente- decide ofrecer la colaboraci\u00f3n de nuestras FF.AA. en el extranjero, desconociendo que en el norte de Chile estamos viviendo una crisis grav\u00edsima y, por lo tanto, ning\u00fan recurso sobra en el combate al narcotr\u00e1fico y la migraci\u00f3n irregular\u201d; se\u00f1alaron los parlamentarios.<\/p>\n\n\n\n<p>En esa l\u00ednea, Moreira y Carter agregaron que \u201cm\u00e1s all\u00e1 de que el ofrecimiento pueda ser leg\u00edtimo, es inentendible que lo haga en medio de la grave situaci\u00f3n que estamos viviendo\u201d, insistiendo en que \u201cno s\u00f3lo tenemos una de las peores crisis migratoria de nuestra historia, sino que eso tambi\u00e9n ha conllevado a un aumento explosivo de la delincuencia, el narcotr\u00e1fico y el crimen organizado\u201d.<\/p>\n\n\n\n<p>\u201cPese a que el norte de Chile se encuentra pr\u00e1cticamente tomado por estos grupos, la m\u00e1xima autoridad de nuestro pa\u00eds prefiere enviar a las FF.AA. al extranjero en vez de que colaboren en enfrentar a estas bandas ilegales. Lo prudente ser\u00eda que todos los esfuerzos se orienten a superar nuestra crisis, y eso lamentablemente no est\u00e1 ocurriendo\u201d, reiteraron los diputados gremialistas, quienes finalmente manifestaron que \u201cesperamos que haya sido una mala interpretaci\u00f3n en el extranjero y el Gobierno aclare, a la brevedad posible, que dicho ofrecimiento no existi\u00f3\u201d.<\/p>\n","protected":false},"excerpt":{"rendered":"<p>Cristhian Moreira y \u00c1lvaro Carter aseguraron que ser\u00eda \u201cabsolutamente inaceptable que se ofrezca ayuda al extranjero cuando tenemos una de las peores crisis migratorias en Chile\u201d<\/p>\n","protected":false},"author":1,"featured_media":10553,"comment_status":"closed","ping_status":"closed","sticky":false,"template":"","format":"standard","meta":{"footnotes":""},"categories":[6],"tags":[1432,1399,337,273,1431,395,247,133],"class_list":["post-10552","post","type-post","status-publish","format-standard","has-post-thumbnail","hentry","category-politica","tag-canciller-de-alemania","tag-fuerzas-armadas","tag-informacion","tag-noticias","tag-olaf-scholz","tag-presidente-gabriel-boric","tag-region-de-los-lagos","tag-semanario-local"],"_links":{"self":[{"href":"https:\/\/www.semanariolocal.cl\/index.php?rest_route=\/wp\/v2\/posts\/10552","targetHints":{"allow":["GET"]}}],"collection":[{"href":"https:\/\/www.semanariolocal.cl\/index.php?rest_route=\/wp\/v2\/posts"}],"about":[{"href":"https:\/\/www.semanariolocal.cl\/index.php?rest_route=\/wp\/v2\/types\/post"}],"author":[{"embeddable":true,"href":"https:\/\/www.semanariolocal.cl\/index.php?rest_route=\/wp\/v2\/users\/1"}],"replies":[{"embeddable":true,"href":"https:\/\/www.semanariolocal.cl\/index.php?rest_route=%2Fwp%2Fv2%2Fcomments&post=10552"}],"version-history":[{"count":1,"href":"https:\/\/www.semanariolocal.cl\/index.php?rest_route=\/wp\/v2\/posts\/10552\/revisions"}],"predecessor-version":[{"id":10554,"href":"https:\/\/www.semanariolocal.cl\/index.php?rest_route=\/wp\/v2\/posts\/10552\/revisions\/10554"}],"wp:featuredmedia":[{"embeddable":true,"href":"https:\/\/www.semanariolocal.cl\/index.php?rest_route=\/wp\/v2\/media\/10553"}],"wp:attachment":[{"href":"https:\/\/www.semanariolocal.cl\/index.php?rest_route=%2Fwp%2Fv2%2Fmedia&parent=10552"}],"wp:term":[{"taxonomy":"category","embeddable":true,"href":"https:\/\/www.semanariolocal.cl\/index.php?rest_route=%2Fwp%2Fv2%2Fcategories&post=10552"},{"taxonomy":"post_tag","embeddable":true,"href":"https:\/\/www.semanariolocal.cl\/index.php?rest_route=%2Fwp%2Fv2%2Ftags&post=10552"}],"curies":[{"name":"wp","href":"https:\/\/api.w.org\/{rel}","templated":true}]}}