{"id":10546,"date":"2023-02-02T21:50:00","date_gmt":"2023-02-03T00:50:00","guid":{"rendered":"https:\/\/www.semanariolocal.cl\/?p=10546"},"modified":"2023-02-03T00:23:32","modified_gmt":"2023-02-03T03:23:32","slug":"destacan-avances-en-listas-de-espera-en-osorno-gracias-a-fondos-regionales","status":"publish","type":"post","link":"https:\/\/www.semanariolocal.cl\/?p=10546","title":{"rendered":"<strong>Destacan avances en\u00a0listas de espera en Osorno gracias a fondos regionales<\/strong>"},"content":{"rendered":"\n<p>En el Hospital Base San Jos\u00e9 de&nbsp;Osorno (HBSJO)&nbsp;se presentaron esta semana los resultados 2022 y proyecciones 2023, del \u201cPrograma de Resoluci\u00f3n Listas de Espera del&nbsp;Servicio de Salud Osorno&nbsp;(SSO) y&nbsp;Gobierno Regional&nbsp;(GORE) Los Lagos\u201d, que ha permitido avanzar en la resoluci\u00f3n de distintas actividades quir\u00fargicas, as\u00ed como consultas m\u00e9dicas de especialidad, considerando las brechas que ha dejado en este sentido la pandemia del Covid-19.<\/p>\n\n\n\n<p>Gracias a esta alianza, mediante la adquisici\u00f3n de equipos m\u00e9dicos&nbsp;e insumos cl\u00ednicos, como tambi\u00e9n el refuerzo del recurso humano, ha sido posible la resoluci\u00f3n de 891 prestaciones en el a\u00f1o 2022, como cirug\u00edas de oftalmolog\u00eda, abdominal, maxilofacial y otorrinolaringolog\u00eda; y consultas de especialidad en oftalmolog\u00eda, otorrinolaringolog\u00eda, cardiolog\u00eda pedi\u00e1trica, cardiolog\u00eda adulto y traumatolog\u00eda infantil.<\/p>\n\n\n\n<p>Lo anterior, con \u00e9nfasis en usuarios(as) con tiempos de espera m\u00e1s prolongados, esfuerzos que continuar\u00e1n este 2023. Fue as\u00ed que&nbsp;la actividad cont\u00f3 con la presencia del gobernador Patricio Vallesp\u00edn, consejeros regionales, delegada presidencial Claudia Pailalef, seremi de Salud Karin Sol\u00eds, directivos de la&nbsp;Red Asistencial del SSO, entre otros personeros.<\/p>\n\n\n\n<p>\u201cCuando ten\u00edamos listas de espera que crecieron con la pandemia, lo que tiene que hacer un Gobierno Regional responsable y comprometido con los ciudadanos, es evaluar c\u00f3mo contribuir a aquello y por eso elaboramos este proyecto para la reducci\u00f3n de listas de espera, que consider\u00f3 al Servicio de Salud Osorno con 772 prestaciones planificadas; y la buena noticia es que se llegaron a 891 prestaciones, o sea el sector salud ac\u00e1 hizo m\u00e1s eficiente el trabajo y se pudieron resolver los problemas de m\u00e1s familias, por tanto nos parece que ha sido una buena alianza\u201d, subray\u00f3 en la ocasi\u00f3n el gobernador Vallesp\u00edn en nombre del Consejo Regional.<\/p>\n\n\n\n<p>Por su parte, el Director (S) del SSO, Luis Barrientos, consciente de que se debe seguir avanzando en este \u00e1mbito, agradeci\u00f3 al GORE, al gobernador y consejeros por este apoyo; destacando tambi\u00e9n el trabajo de la red: \u201cnos preocupamos de que esto fuera lo m\u00e1s eficiente posible, y los equipos lo lograron, me alegro mucho por el esfuerzo y reconocimiento que significa para nuestros compa\u00f1eros de trabajo, lograr esto no es f\u00e1cil, despu\u00e9s del desgaste que significaron los primeros a\u00f1os de pandemia seguimos, y a pesar de eso hay una camiseta, hay una motivaci\u00f3n y un compromiso en el personal de salud\u201d, esgrimi\u00f3.<\/p>\n\n\n\n<p>Asimismo, la delegada&nbsp;Pailalef expres\u00f3 que&nbsp;\u201cqueremos poner en valor esta alianza estrat\u00e9gica entre el Servicio de Salud y el Gobierno Regional, sabemos que la pandemia dej\u00f3 no solamente problemas de car\u00e1cter econ\u00f3mico, sino que tambi\u00e9n gener\u00f3 una crisis en los sistemas de salud, y en ese sentido desde el Gobierno del Presidente Boric valoramos el compromiso del Gobierno Regional, entendemos que no es su materia, sin embargo, tanto el gobernador como los consejeros han puesto prioridades para poder contribuir con dar mayor dignidad a los usuarios y usuarias de la red de salud de nuestra provincia\u201d.<\/p>\n\n\n\n<p>Tambi\u00e9n intervino la seremi del ramo,&nbsp;Karin Sol\u00eds, quien acot\u00f3 que&nbsp;\u201cestos son los indicadores que nosotros en salud estamos muy contentos de tener, agradecer las coordinaciones internas, este es el camino que tenemos que seguir, establecer alianzas\u201d, destacando adem\u00e1s \u201cla buena gesti\u00f3n y tambi\u00e9n a los equipos de salud que ponen todas las ganas y energ\u00edas para poder ir resolviendo las listas de espera de la poblaci\u00f3n\u201d.<\/p>\n\n\n\n<p>Cabe mencionar que&nbsp;este programa SSO-GORE considera un presupuesto total de $250.000.000 para su ejecuci\u00f3n durante el 2022 y 2023. El a\u00f1o 2022 se realiz\u00f3 la ejecuci\u00f3n del 75% con un monto total de $187.301.602 que se concret\u00f3 con todas las actividades programadas y modificadas durante el periodo estipulado (octubre-diciembre), superando las expectativas proyectadas.&nbsp;<\/p>\n","protected":false},"excerpt":{"rendered":"<p>Autoridades presentaron resultados de programa del Servicio de Salud y GORE Los Lagos, en beneficio de usuarios de la provincia. <\/p>\n","protected":false},"author":1,"featured_media":10547,"comment_status":"closed","ping_status":"closed","sticky":false,"template":"","format":"standard","meta":{"footnotes":""},"categories":[3],"tags":[1428,337,1427,273,132,247,56,133],"class_list":["post-10546","post","type-post","status-publish","format-standard","has-post-thumbnail","hentry","category-al-dia","tag-fondos-regionales","tag-informacion","tag-listas-de-espera","tag-noticias","tag-osorno","tag-region-de-los-lagos","tag-salud","tag-semanario-local"],"_links":{"self":[{"href":"https:\/\/www.semanariolocal.cl\/index.php?rest_route=\/wp\/v2\/posts\/10546","targetHints":{"allow":["GET"]}}],"collection":[{"href":"https:\/\/www.semanariolocal.cl\/index.php?rest_route=\/wp\/v2\/posts"}],"about":[{"href":"https:\/\/www.semanariolocal.cl\/index.php?rest_route=\/wp\/v2\/types\/post"}],"author":[{"embeddable":true,"href":"https:\/\/www.semanariolocal.cl\/index.php?rest_route=\/wp\/v2\/users\/1"}],"replies":[{"embeddable":true,"href":"https:\/\/www.semanariolocal.cl\/index.php?rest_route=%2Fwp%2Fv2%2Fcomments&post=10546"}],"version-history":[{"count":1,"href":"https:\/\/www.semanariolocal.cl\/index.php?rest_route=\/wp\/v2\/posts\/10546\/revisions"}],"predecessor-version":[{"id":10548,"href":"https:\/\/www.semanariolocal.cl\/index.php?rest_route=\/wp\/v2\/posts\/10546\/revisions\/10548"}],"wp:featuredmedia":[{"embeddable":true,"href":"https:\/\/www.semanariolocal.cl\/index.php?rest_route=\/wp\/v2\/media\/10547"}],"wp:attachment":[{"href":"https:\/\/www.semanariolocal.cl\/index.php?rest_route=%2Fwp%2Fv2%2Fmedia&parent=10546"}],"wp:term":[{"taxonomy":"category","embeddable":true,"href":"https:\/\/www.semanariolocal.cl\/index.php?rest_route=%2Fwp%2Fv2%2Fcategories&post=10546"},{"taxonomy":"post_tag","embeddable":true,"href":"https:\/\/www.semanariolocal.cl\/index.php?rest_route=%2Fwp%2Fv2%2Ftags&post=10546"}],"curies":[{"name":"wp","href":"https:\/\/api.w.org\/{rel}","templated":true}]}}