{"id":10543,"date":"2023-02-02T22:00:00","date_gmt":"2023-02-03T01:00:00","guid":{"rendered":"https:\/\/www.semanariolocal.cl\/?p=10543"},"modified":"2023-02-03T00:18:00","modified_gmt":"2023-02-03T03:18:00","slug":"en-el-dia-mundial-de-los-humedales-se-declaran-cuatro-nuevos-humedales-en-la-region","status":"publish","type":"post","link":"https:\/\/www.semanariolocal.cl\/?p=10543","title":{"rendered":"<strong>En el d\u00eda mundial de los Humedales se declaran cuatro nuevos humedales en la regi\u00f3n<\/strong>"},"content":{"rendered":"\n<p>En el Humedal Baquedano en Llanquihue se realiz\u00f3 la ceremonia oficial del D\u00eda Mundial de los Humedales, ocasi\u00f3n en que se anunci\u00f3 la declaratoria de cuatro nuevos humedales urbanos en la regi\u00f3n: Parque Municipal Luis Ebel (ex-Volcanes A) de Puerto Montt, Costanera de Puyehue ,  Parque Humedal Baquedano  comuna de Llanquihue  y Picurio, comuna de Frutillar.<\/p>\n\n\n\n<p>La ceremonia cont\u00f3 con la participaci\u00f3n del Alcalde de Llanquihue, V\u00edctor Angulo, los seremis de Bienes Nacionales, Pablo Flores; trasporte, Pablo Joost y de Medio Ambiente Carola Iturriaga, la Suoperintedenta del Medio Ambiente de la Regi\u00f3n, Ivonne Mansilla, adem\u00e1s de concejales, representantes de la Fundaci\u00f3n Legado y Fundaci\u00f3n Gayi.<\/p>\n\n\n\n<p>En la ocasi\u00f3n la Seremi del Medio Ambiente, destac\u00f3 esta conmemoraci\u00f3n y los avances en materia de protecci\u00f3n en la regi\u00f3n, \u201cvenimos a dar a conocer esta muy buena noticia, de que luego de tres a\u00f1os de la entrada en vigencia de la ley de humedales, ya contamos a nivel nacional con cien humedales urbanos declarados, de estos 22 son en la regi\u00f3n de los Lagos. Es muy importante seguir avanzando en la protecci\u00f3n de estos ecosistemas, que son muy relevantes tanto en los sectores urbanos, para hacer resilientes al cambio clim\u00e1tico y al d\u00e9ficit h\u00eddrico por el cual ya nos encontramos hace varios a\u00f1os y tambi\u00e9n se\u00f1alar, que ha sido muy relevante en la protecci\u00f3n que se le ha ido dando a los humedales urbanos y en las turberas a trav\u00e9s de la declaratoria de santuario de la naturaleza que en la regi\u00f3n de los Lagos tambi\u00e9n ya tenemos cerca de 14 santuarios ya declarados \u201c.<\/p>\n\n\n\n<p>En la ceremonia, adem\u00e1s, se hizo reconocimiento al Activista Ambiental, Washington Vera y a trav\u00e9s de la Agrupaci\u00f3n Gayi, por su aporte a la protecci\u00f3n der estos ecosistemas y su permanente vigilancia y denuncia.<\/p>\n\n\n\n<p>El D\u00eda Mundial de los Humedales se celebra cada a\u00f1o el 2 de febrero para crear conciencia en todo el mundo acerca del valor de los humedales para la humanidad y el planeta.<\/p>\n\n\n\n<p>Al 2 de febrero de 2023, el Ministerio del Medio Ambiente ha reconocido 100 Humedales Urbanos, lo que equivale a una superficie superior a 11.000 hect\u00e1reas, reconocidos en 60 comunas y 15 regiones del pa\u00eds. Adem\u00e1s, a la fecha el MMA se encuentra tramitando 88 humedales adicionales para su reconocimiento como Humedales Urbanos.<\/p>\n\n\n\n<p>A nivel regional se han declarado 22 humedales urbanos y se encuentran en proceso otros 30, con una superficie total declarada de 745 hect\u00e1reas.<\/p>\n","protected":false},"excerpt":{"rendered":"<p>Se trata del Parque Municipal Luis Ebel en Puerto Montt, Costanera de Puyehue, Parque Baquedano en Llanquihue y Picurio, comuna de Frutillar.<\/p>\n","protected":false},"author":1,"featured_media":10544,"comment_status":"closed","ping_status":"closed","sticky":false,"template":"","format":"standard","meta":{"footnotes":""},"categories":[3],"tags":[246,1426,1425,337,1029,273,247,133,261],"class_list":["post-10543","post","type-post","status-publish","format-standard","has-post-thumbnail","hentry","category-al-dia","tag-comunas","tag-dia-mundial-de-los-humedales","tag-humedales","tag-informacion","tag-llanquihue","tag-noticias","tag-region-de-los-lagos","tag-semanario-local","tag-seremi-del-medio-ambiente"],"_links":{"self":[{"href":"https:\/\/www.semanariolocal.cl\/index.php?rest_route=\/wp\/v2\/posts\/10543","targetHints":{"allow":["GET"]}}],"collection":[{"href":"https:\/\/www.semanariolocal.cl\/index.php?rest_route=\/wp\/v2\/posts"}],"about":[{"href":"https:\/\/www.semanariolocal.cl\/index.php?rest_route=\/wp\/v2\/types\/post"}],"author":[{"embeddable":true,"href":"https:\/\/www.semanariolocal.cl\/index.php?rest_route=\/wp\/v2\/users\/1"}],"replies":[{"embeddable":true,"href":"https:\/\/www.semanariolocal.cl\/index.php?rest_route=%2Fwp%2Fv2%2Fcomments&post=10543"}],"version-history":[{"count":1,"href":"https:\/\/www.semanariolocal.cl\/index.php?rest_route=\/wp\/v2\/posts\/10543\/revisions"}],"predecessor-version":[{"id":10545,"href":"https:\/\/www.semanariolocal.cl\/index.php?rest_route=\/wp\/v2\/posts\/10543\/revisions\/10545"}],"wp:featuredmedia":[{"embeddable":true,"href":"https:\/\/www.semanariolocal.cl\/index.php?rest_route=\/wp\/v2\/media\/10544"}],"wp:attachment":[{"href":"https:\/\/www.semanariolocal.cl\/index.php?rest_route=%2Fwp%2Fv2%2Fmedia&parent=10543"}],"wp:term":[{"taxonomy":"category","embeddable":true,"href":"https:\/\/www.semanariolocal.cl\/index.php?rest_route=%2Fwp%2Fv2%2Fcategories&post=10543"},{"taxonomy":"post_tag","embeddable":true,"href":"https:\/\/www.semanariolocal.cl\/index.php?rest_route=%2Fwp%2Fv2%2Ftags&post=10543"}],"curies":[{"name":"wp","href":"https:\/\/api.w.org\/{rel}","templated":true}]}}