{"id":10513,"date":"2023-01-29T09:00:00","date_gmt":"2023-01-29T12:00:00","guid":{"rendered":"https:\/\/www.semanariolocal.cl\/?p=10513"},"modified":"2023-01-28T21:43:11","modified_gmt":"2023-01-29T00:43:11","slug":"acoso-y-matonaje-a-traves-de-las-redes-sociales","status":"publish","type":"post","link":"https:\/\/www.semanariolocal.cl\/?p=10513","title":{"rendered":"Acoso y matonaje a trav\u00e9s de las redes sociales"},"content":{"rendered":"\n<p>Hace muchas d\u00e9cadas atr\u00e1s, Mahatma Gandhi, gran l\u00edder pacifista y contrario al uso de la violencia, dec\u00eda que a \u00e9l:<strong> \u201cNo le asustaba la maldad de las personas malas, sino que le aterrorizaba la indiferencia de las personas buenas\u201d.<\/strong><\/p>\n\n\n\n<p>Explico a continuaci\u00f3n por qu\u00e9 raz\u00f3n he comenzado este art\u00edculo con esta frase de este pensador y abogado hinduista indio.<\/p>\n\n\n\n<p>Demasiadas personas en el mundo est\u00e1n siendo objeto de bullying y de acoso a trav\u00e9s de Internet y de las diferentes redes sociales, sea que se trate de ni\u00f1os, &nbsp;adolescentes o de adultos. Todas ella sufren por igual, cuando \u2013por distintas razones\u2013 son: (a) objeto de golpes y de burlas crueles y de mal gusto, (b) cuando son excluidas y rechazadas por sus pares, (c) cuando son insultadas, amenazadas y <strong>\u201ctroleadas\u201d<\/strong> v\u00eda las redes sociales a trav\u00e9s del \u201c<strong>ciberbullying\u201d.<\/strong><\/p>\n\n\n\n<p>Es por ello, que tanto los padres de aquellos ni\u00f1os y j\u00f3venes que son objeto de este tipo de actos indignos y reprochables, como as\u00ed tambi\u00e9n los padres de aquellos otros chicos que practican este tipo de conducta, deben estar muy atentos, con el fin de detener a tiempo a tales actividades, las que reflejan una mezcla violenta de abuso, mal trato, discriminaci\u00f3n, racismo, clasismo o intolerancia ante la diversidad.<\/p>\n\n\n\n<p>La raz\u00f3n de destacar lo anterior, es muy simple: porque esta <strong>\u201cmezcla explosiva de abuso y violencia\u201d<\/strong> puede causar mucho da\u00f1o y grandes sufrimientos a las personas afectadas, al mismo tiempo que tiene consecuencias graves y negativas para el bienestar y la salud \u2013tanto f\u00edsica como mental\u2013 de aquellos que sufren estos ataques. Este tipo de vivencias representa un cobarde ataque a la imagen y autoestima afectado, con efectos que son devastadores, ya que muchas de estas personas corren el riesgo de caer en una depresi\u00f3n y\/o trastornos del \u00e1nimo muy severos, en tanto que otras personas m\u00e1s sensibles intentan suicidarse, porque son incapaces de soportar la maldad y virulencia con que act\u00faan los acosadores.<\/p>\n\n\n\n<p>A menudo, la v\u00edctima es una persona que no ha hecho nada para merecer el ataque del que est\u00e1 siendo objeto, salvo, tener un rasgo personal distintivo del cual no se puede liberar, debido a que el sujeto naci\u00f3 con ese <strong>\u201crasgo\u201d<\/strong> o caracter\u00edstica. Es un rasgo, que ahora se ha convertido en el centro de las burlas: tener la piel muy oscura, presentar alg\u00fan tipo de discapacidad (cognitiva o f\u00edsica), por ser muy gordo o muy flaco, porque usa lentes muy gruesos por ser corto de vista, ser una persona autista, tener el s\u00edndrome de Asperger, porque la persona es poco agraciada f\u00edsicamente, por ser muy inteligente y estudioso (nerd), etc. Incluso m\u00e1s: algunas ni\u00f1as de ojos azules, rubias y &nbsp;de piel clara son, asimismo, objeto de crueles burlas por sus pares \u2013en una suerte de discriminaci\u00f3n al rev\u00e9s\u2013, conducta que podr\u00eda explicarse por la envidia que siente &nbsp;el \u2013o la acosadora\u2013 por carecer de los atributos de los cuales se est\u00e1 burlando de manera tan cruel.<\/p>\n\n\n\n<p>Este acoso por las redes sociales termina por generar una serie de emociones negativas y altamente destructivas: rabia, dolor, frustraci\u00f3n, impotencia, estr\u00e9s, tristeza, depresi\u00f3n, baja autoestima, intentos de suicidios. Incluso m\u00e1s: en algunos casos, puede que se produzcan reacciones muy violentas en contra de los causantes de las ofensas, como retaliaci\u00f3n por el &nbsp;acoso y rechazo del que se ha sido objeto, con consecuencias dif\u00edciles de dimensionar.<\/p>\n\n\n\n<p>Tambi\u00e9n tenemos otro tipo de <strong>bullying<\/strong>, cual es el caso de aquellos ni\u00f1os poco populares de los que todos se burlan y que nadie elige para la pr\u00e1ctica de un juego y\/o deporte colectivo, a pesar del gran deseo que tienen estos chicos de participar e integrarse a un grupo. Tambi\u00e9n est\u00e1n esos otros ni\u00f1os y ni\u00f1as a quienes \u2013por falta de empat\u00eda, generosidad y de verdadera amistad\u2013 nadie invita a un baile o a una fiesta de Cumplea\u00f1os. Asimismo, &nbsp;hay ni\u00f1os que dan la impresi\u00f3n de que son <strong>\u201cinvisibles\u201d<\/strong> ante los ojos de los dem\u00e1s: nadie del grupo de pares se digna dirigirles la palabra. Para muchos de estos ni\u00f1os y j\u00f3venes \u2013y tambi\u00e9n adultos\u2013 estas experiencias pueden ser emocionalmente devastadoras y traum\u00e1ticas, haci\u00e9ndoles sentir que no valen nada.<\/p>\n\n\n\n<p>\u00bfQu\u00e9 ense\u00f1anzas debemos sacar?&nbsp; Para el caso de aquellos chicos(as) que, por diversas razones, practican el acoso, la discriminaci\u00f3n y el rechazo social respecto de otros ni\u00f1os y ni\u00f1as que se transforman en v\u00edctimas de todo tipo de atropellos, tanto los padres de estos j\u00f3venes acosadores, as\u00ed como las instituciones educacionales responsables deber\u00e1n preocuparse de detener su mal actuar de manera inmediata y ver de formarlos con otros valores y principios. Uno de estos principios dice relaci\u00f3n con el respeto a los derechos del otro, la no discriminaci\u00f3n y el trato digno que hay que dar a los dem\u00e1s.<\/p>\n\n\n\n<p>La raz\u00f3n para afirmar lo anterior, es muy sencilla: lo \u00fanico que buscan los ni\u00f1os y ni\u00f1as socialmente rechazados y objeto de burlas, es lo que desean todos los ni\u00f1os por igual, a saber: ser aceptados como uno m\u00e1s en el grupo.<\/p>\n\n\n\n<p>Hay estudios que se\u00f1alan que \u2013demasiado a menudo\u2013 el acosador es un sujeto que \u00e9l mismo, en su hogar, es v\u00edctima de su familia y se ha convertido en objeto de maltrato infantil, raz\u00f3n por la cual, la forma que tiene de vengarse y <strong>\u201cemparejar las cosas\u201d<\/strong>, es la de transformarse en un acosador de aquellos ni\u00f1os que, en el colegio, son m\u00e1s d\u00e9biles que \u00e9l.<\/p>\n\n\n\n<p>En estas historias de bullying y ciberbulling no existe una sola v\u00edctima o un solo responsable. Las v\u00edctimas pueden ser varias y sufrir distinto grado de da\u00f1o a su dignidad personal y a su salud f\u00edsica y mental. Nuestra responsabilidad colectiva es la de poner fin a este tipo de actos que tanto mal causan a las personas y, en consecuencia, no permanecer indiferentes ante estas conductas cobardes y malintencionadas, ya que la pr\u00f3xima v\u00edctima de acoso, matonaje, discriminaci\u00f3n, mal trato o rechazo, podr\u00eda ser nuestro propio hijo o hija, y entonces ya ser\u00e1 muy tarde.<\/p>\n\n\n\n<p>Dr. Franco Lotito C. \u2013\u00a0 www.aurigaservicios.cl &#8211; Acad\u00e9mico, escritor e investigador \u00a0(PUC-UACh)<\/p>\n","protected":false},"excerpt":{"rendered":"<p>Hay estudios que se\u00f1alan que \u2013demasiado a menudo\u2013 el acosador es un sujeto que \u00e9l mismo, en su hogar, es v\u00edctima de su propia familia<\/p>\n","protected":false},"author":1,"featured_media":10514,"comment_status":"closed","ping_status":"closed","sticky":false,"template":"","format":"standard","meta":{"footnotes":""},"categories":[3,7],"tags":[823,337,273,247,133],"class_list":["post-10513","post","type-post","status-publish","format-standard","has-post-thumbnail","hentry","category-al-dia","category-opinion","tag-franco-lotito-catino","tag-informacion","tag-noticias","tag-region-de-los-lagos","tag-semanario-local"],"_links":{"self":[{"href":"https:\/\/www.semanariolocal.cl\/index.php?rest_route=\/wp\/v2\/posts\/10513","targetHints":{"allow":["GET"]}}],"collection":[{"href":"https:\/\/www.semanariolocal.cl\/index.php?rest_route=\/wp\/v2\/posts"}],"about":[{"href":"https:\/\/www.semanariolocal.cl\/index.php?rest_route=\/wp\/v2\/types\/post"}],"author":[{"embeddable":true,"href":"https:\/\/www.semanariolocal.cl\/index.php?rest_route=\/wp\/v2\/users\/1"}],"replies":[{"embeddable":true,"href":"https:\/\/www.semanariolocal.cl\/index.php?rest_route=%2Fwp%2Fv2%2Fcomments&post=10513"}],"version-history":[{"count":1,"href":"https:\/\/www.semanariolocal.cl\/index.php?rest_route=\/wp\/v2\/posts\/10513\/revisions"}],"predecessor-version":[{"id":10515,"href":"https:\/\/www.semanariolocal.cl\/index.php?rest_route=\/wp\/v2\/posts\/10513\/revisions\/10515"}],"wp:featuredmedia":[{"embeddable":true,"href":"https:\/\/www.semanariolocal.cl\/index.php?rest_route=\/wp\/v2\/media\/10514"}],"wp:attachment":[{"href":"https:\/\/www.semanariolocal.cl\/index.php?rest_route=%2Fwp%2Fv2%2Fmedia&parent=10513"}],"wp:term":[{"taxonomy":"category","embeddable":true,"href":"https:\/\/www.semanariolocal.cl\/index.php?rest_route=%2Fwp%2Fv2%2Fcategories&post=10513"},{"taxonomy":"post_tag","embeddable":true,"href":"https:\/\/www.semanariolocal.cl\/index.php?rest_route=%2Fwp%2Fv2%2Ftags&post=10513"}],"curies":[{"name":"wp","href":"https:\/\/api.w.org\/{rel}","templated":true}]}}