{"id":10510,"date":"2023-01-29T08:45:00","date_gmt":"2023-01-29T11:45:00","guid":{"rendered":"https:\/\/www.semanariolocal.cl\/?p=10510"},"modified":"2023-01-28T21:35:36","modified_gmt":"2023-01-29T00:35:36","slug":"emisiones-de-co2-lo-que-la-industria-cosmetica-puede-hacer","status":"publish","type":"post","link":"https:\/\/www.semanariolocal.cl\/?p=10510","title":{"rendered":"<strong>Emisiones de CO2: lo que la industria cosm\u00e9tica puede hacer<\/strong>"},"content":{"rendered":"\n<p>Cada 28 de enero se conmemora el D\u00eda Internacional por la Reducci\u00f3n de Emisiones de CO2 instaurado por la ONU. La liberaci\u00f3n de di\u00f3xido de carbono \u2013como es su nombre completo- al medio ambiente es muy da\u00f1ino, pues hace que la Tierra sufra un aumento de temperatura, y provoca lo que conocemos como Efecto Invernadero. En este d\u00eda, las compa\u00f1\u00edas cosm\u00e9ticas deber\u00edamos sentirnos llamadas a reflexionar. El pl\u00e1stico utiliza energ\u00edas no renovables para su producci\u00f3n y emite gases de efecto invernadero en el proceso. Para hacernos una idea, por cada kilo de pl\u00e1stico que se produce, se emiten 3,5 kilogramos de di\u00f3xido de carbono, impactando inmediatamente el medio ambiente.<\/p>\n\n\n\n<p>Seg\u00fan un informe del Centro Internacional de Ley Ambiental de 2020, la producci\u00f3n de pl\u00e1stico abarca hoy alrededor del 4% de las emisiones de carbono, y para 2050 ser\u00e1 responsable del 13% de ellas. Como si fuera poco, el pl\u00e1stico que no se recicla se acumula como basura en los oc\u00e9anos y en tierra firme, da\u00f1ando ecosistemas completos. Las matem\u00e1ticas son simples: no podemos seguir produciendo pl\u00e1stico a destajo y las empresas de cosm\u00e9tica tenemos mucho que ver y hablar en esto.<\/p>\n\n\n\n<p>\u00bfPor qu\u00e9 las empresas de belleza estamos tan involucradas? Es cosa de ir a nuestro ba\u00f1o y ver cu\u00e1ntos envases de champ\u00fa, acondicionador, jab\u00f3n, cremas, maquillaje, y decenas de otros productos que vienen en contenedores de pl\u00e1stico adquirimos y usamos diariamente. La industria de la cosm\u00e9tica y productos de aseo genera millones de envases pl\u00e1sticos, emitiendo CO2 de una forma casi inmoral. Cuando esos productos se acaban, usualmente van a la basura, compramos nuevos, y luego tambi\u00e9n van a la basura, y as\u00ed incesantemente por a\u00f1os. Ese ciclo tiene que terminar ahora.<\/p>\n\n\n\n<p>\u00bfC\u00f3mo podemos reducir las emisiones de CO2 y de basura en la industria de la cosm\u00e9tica? Eliminando nuestro uso de pl\u00e1stico y\/o recicl\u00e1ndolo. Es simple: si sustituimos la creaci\u00f3n de pl\u00e1stico nuevo por el reciclaje, podemos alcanzar una econom\u00eda circular que cuide la salud de la sociedad, animales y plantas. Pero para lograr esto, necesitamos real voluntad para hacer cambios significativos. En The Body Shop estamos conscientes de esta problem\u00e1tica y queremos hacernos cargo de los residuos que generen nuestros productos.<\/p>\n\n\n\n<p>Creemos que las empresas pueden impactar positivamente en el medio ambiente y en los ecosistemas, mientras se desarrollan como un negocio competitivo. Por eso, estamos transformando nuestra producci\u00f3n para que todos nuestros envases sean elaborados con materiales reciclados y reciclables, inculcando y fomentando en nuestros consumidores pr\u00e1cticas y h\u00e1bitos sostenibles. Obtenemos nuestro pl\u00e1stico reciclado de forma \u00e9tica, gracias al Comercio Justo con Comunidades de la India a trav\u00e9s de una alianza con Plastic por Change. Decenas de mujeres mantienen un trabajo digno, con pago estable y razonable gracias a este acuerdo.<\/p>\n\n\n\n<p>Todas nuestras tiendas a lo largo del pa\u00eds poseen un contenedor para depositar los envases de aquellos productos que nuestros clientes terminaron de usar, y son enviados a empresas recicladoras. En 2022, recuperamos 405 kilos s\u00f3lo de pl\u00e1stico, de un total de 765 kilos de materiales que incluyen papel, cart\u00f3n, aluminio y vidrio. Volver a usar nuestro pl\u00e1stico evita la necesidad de elaborar m\u00e1s, disminuyendo nuestras emisiones de Di\u00f3xido de Carbono.<\/p>\n\n\n\n<p>Excusas puede haber muchas, pero tengo la esperanza de que la voluntad de cuidar nuestro planeta es m\u00e1s fuerte. Como consumidores, podemos elegir compa\u00f1\u00edas que persiguen metas sostenibles, y como empresa, podemos trabajar en una oferta responsable con el medio ambiente. La posibilidad de hacer cambios est\u00e1 y debemos hacerlos hoy.<\/p>\n\n\n\n<p><strong>Paula Araya<\/strong> &#8211; <strong>Gerente General de The Body Shop Chile<\/strong><\/p>\n","protected":false},"excerpt":{"rendered":"<p>Creemos que las empresas pueden impactar positivamente en el medio ambiente y en los ecosistemas, mientras se desarrollan como un negocio competitivo.<\/p>\n","protected":false},"author":1,"featured_media":10511,"comment_status":"closed","ping_status":"closed","sticky":false,"template":"","format":"standard","meta":{"footnotes":""},"categories":[3],"tags":[],"class_list":["post-10510","post","type-post","status-publish","format-standard","has-post-thumbnail","hentry","category-al-dia"],"_links":{"self":[{"href":"https:\/\/www.semanariolocal.cl\/index.php?rest_route=\/wp\/v2\/posts\/10510","targetHints":{"allow":["GET"]}}],"collection":[{"href":"https:\/\/www.semanariolocal.cl\/index.php?rest_route=\/wp\/v2\/posts"}],"about":[{"href":"https:\/\/www.semanariolocal.cl\/index.php?rest_route=\/wp\/v2\/types\/post"}],"author":[{"embeddable":true,"href":"https:\/\/www.semanariolocal.cl\/index.php?rest_route=\/wp\/v2\/users\/1"}],"replies":[{"embeddable":true,"href":"https:\/\/www.semanariolocal.cl\/index.php?rest_route=%2Fwp%2Fv2%2Fcomments&post=10510"}],"version-history":[{"count":1,"href":"https:\/\/www.semanariolocal.cl\/index.php?rest_route=\/wp\/v2\/posts\/10510\/revisions"}],"predecessor-version":[{"id":10512,"href":"https:\/\/www.semanariolocal.cl\/index.php?rest_route=\/wp\/v2\/posts\/10510\/revisions\/10512"}],"wp:featuredmedia":[{"embeddable":true,"href":"https:\/\/www.semanariolocal.cl\/index.php?rest_route=\/wp\/v2\/media\/10511"}],"wp:attachment":[{"href":"https:\/\/www.semanariolocal.cl\/index.php?rest_route=%2Fwp%2Fv2%2Fmedia&parent=10510"}],"wp:term":[{"taxonomy":"category","embeddable":true,"href":"https:\/\/www.semanariolocal.cl\/index.php?rest_route=%2Fwp%2Fv2%2Fcategories&post=10510"},{"taxonomy":"post_tag","embeddable":true,"href":"https:\/\/www.semanariolocal.cl\/index.php?rest_route=%2Fwp%2Fv2%2Ftags&post=10510"}],"curies":[{"name":"wp","href":"https:\/\/api.w.org\/{rel}","templated":true}]}}