{"id":10507,"date":"2023-01-29T08:40:00","date_gmt":"2023-01-29T11:40:00","guid":{"rendered":"https:\/\/www.semanariolocal.cl\/?p=10507"},"modified":"2023-01-28T21:27:54","modified_gmt":"2023-01-29T00:27:54","slug":"las-copas-de-la-memoria","status":"publish","type":"post","link":"https:\/\/www.semanariolocal.cl\/?p=10507","title":{"rendered":"<strong>Las copas de la memoria<\/strong>"},"content":{"rendered":"\n<p>Al t\u00e9rmino de la Guerra Civil Espa\u00f1ola en 1939, Pablo Neruda se entera de la dif\u00edcil situaci\u00f3n que est\u00e1n viviendo los refugiados espa\u00f1oles en Francia y decide realizar gestiones con el Presidente Pedro Aguirre Cerda, quien lo nombra c\u00f3nsul especial para la inmigraci\u00f3n republicana espa\u00f1ola desde el pa\u00eds galo. Ello permiti\u00f3 que despu\u00e9s de una larga traves\u00eda, el barco Winnipeg recalara en el puerto de Valpara\u00edso con 1.979 refugiados, varios de los cuales conoci\u00f3 personalmente el doctor vi\u00f1amarino Eduardo Bast\u00edas.<\/p>\n\n\n\n<p>As\u00ed, este importante hecho hist\u00f3rico y tambi\u00e9n personal, motiv\u00f3 a Bast\u00edas a escribir&nbsp;<strong><em>Las copas de la memoria,<\/em><\/strong>&nbsp;donde transmite fielmente la angustia de los exiliados rescatados en el Winnipeg, su acogida en Chile, la lenta adecuaci\u00f3n a un pa\u00eds ajeno, el crecimiento de una familia que se integra a una segunda patria y los cambios pol\u00edticos en d\u00e9cadas de historia.<\/p>\n\n\n\n<p>\u201cLas personas van a encontrar una novela que es testimonial e hist\u00f3rica, porque recrea todo lo que ha sucedido en Chile a mediados del siglo XX, pero con la visi\u00f3n de una familia de migrantes que llega en el Winnipeg despu\u00e9s de la Guerra Civil Espa\u00f1ola. En todo caso esta familia se adapta y vive todo lo que los de nuestra generaci\u00f3n vivimos, de modo que para muchos van a ser recuerdos y para quienes desconocieron esta etapa, van a poder entender mejor lo que sucede hoy d\u00eda\u201d, explica el escritor.<\/p>\n\n\n\n<p>En la presentaci\u00f3n del libro, que se realiz\u00f3 en el Club de Vi\u00f1a del Mar, la experta en literatura Katia Villal\u00f3n valor\u00f3 la capacidad del autor de crear personajes y unirlos con la realidad y la vida hist\u00f3rica, tanto de Chile como de Espa\u00f1a. \u201cLa lectura es muy llevadera y los personajes est\u00e1n desarrollados para que nosotros vayamos comprendiendo lo que ellos vivieron en esos momentos\u201d, se\u00f1al\u00f3.<\/p>\n\n\n\n<p>En tanto, el historiador Sergio Gonz\u00e1lez destac\u00f3 que esta novela permitir\u00e1 entender a los lectores la cotidianidad del Chile de mediados del siglo XX. \u201cM\u00e1s all\u00e1 de las clases de historia o de hechos aislados que puedan ocurrir, nos permite ver con los ojos de los protagonistas c\u00f3mo transcurren los a\u00f1os desde 1940 hasta los a\u00f1os 70 y eso resulta muy interesante\u201d, asegur\u00f3.<\/p>\n\n\n\n<p>Eduardo Bast\u00edas Guzm\u00e1n es m\u00e9dico y escritor. Con Editorial Forja ha publicado&nbsp;<em>Donde vuelan los c\u00f3ndores<\/em>&nbsp;(nueva edici\u00f3n, a\u00f1o 2017), lectura recomendada por el Ministerio de Educaci\u00f3n que en sus 30 ediciones ha vendido m\u00e1s de 120 mil ejemplares;&nbsp;<em>Una guerra para Navidad<\/em>&nbsp;(2019), novela hist\u00f3rica sobre el grave conflicto del Beagle en 1978 entre Chile y Argentina; y&nbsp;<em>La endemoniada de la Calle de la Maestranza<\/em>&nbsp;(2021), recreaci\u00f3n novelada del primer caso documentado de posesi\u00f3n demoniaca y exorcismo en nuestro pa\u00eds a mediados del siglo XIX.<\/p>\n\n\n\n<p><strong><em>Las copas de la memoria<\/em><\/strong>&nbsp;es su cuarta novela y ya est\u00e1 disponible en&nbsp;<a href=\"https:\/\/boletines.editorialforja.cl\/c\/0g9vr\/wus1nnee\/zyvj3u2m1jc\" target=\"_blank\" rel=\"noreferrer noopener\">www.editorialforja.cl<\/a>, en las principales librer\u00edas del pa\u00eds y tambi\u00e9n en formato&nbsp;<em>ebook<\/em>&nbsp;en las tiendas del ramo.<\/p>\n","protected":false},"excerpt":{"rendered":"<p>El drama y la acogida de los refugiados espa\u00f1oles que llegaron en el barco Winnipeg a Chile es el eje de Las copas de la memoria, el nuevo libro de Eduardo Bast\u00edas. Una novela hist\u00f3rica llena de sentimientos y con un apasionante relato que atrapa por su cercan\u00eda con la realidad<\/p>\n","protected":false},"author":1,"featured_media":10508,"comment_status":"closed","ping_status":"closed","sticky":false,"template":"","format":"standard","meta":{"footnotes":""},"categories":[10],"tags":[157,1407,1406],"class_list":["post-10507","post","type-post","status-publish","format-standard","has-post-thumbnail","hentry","category-cultura","tag-editorial-forjas","tag-eduardo-bastias","tag-las-copas-de-la-memoria"],"_links":{"self":[{"href":"https:\/\/www.semanariolocal.cl\/index.php?rest_route=\/wp\/v2\/posts\/10507","targetHints":{"allow":["GET"]}}],"collection":[{"href":"https:\/\/www.semanariolocal.cl\/index.php?rest_route=\/wp\/v2\/posts"}],"about":[{"href":"https:\/\/www.semanariolocal.cl\/index.php?rest_route=\/wp\/v2\/types\/post"}],"author":[{"embeddable":true,"href":"https:\/\/www.semanariolocal.cl\/index.php?rest_route=\/wp\/v2\/users\/1"}],"replies":[{"embeddable":true,"href":"https:\/\/www.semanariolocal.cl\/index.php?rest_route=%2Fwp%2Fv2%2Fcomments&post=10507"}],"version-history":[{"count":1,"href":"https:\/\/www.semanariolocal.cl\/index.php?rest_route=\/wp\/v2\/posts\/10507\/revisions"}],"predecessor-version":[{"id":10509,"href":"https:\/\/www.semanariolocal.cl\/index.php?rest_route=\/wp\/v2\/posts\/10507\/revisions\/10509"}],"wp:featuredmedia":[{"embeddable":true,"href":"https:\/\/www.semanariolocal.cl\/index.php?rest_route=\/wp\/v2\/media\/10508"}],"wp:attachment":[{"href":"https:\/\/www.semanariolocal.cl\/index.php?rest_route=%2Fwp%2Fv2%2Fmedia&parent=10507"}],"wp:term":[{"taxonomy":"category","embeddable":true,"href":"https:\/\/www.semanariolocal.cl\/index.php?rest_route=%2Fwp%2Fv2%2Fcategories&post=10507"},{"taxonomy":"post_tag","embeddable":true,"href":"https:\/\/www.semanariolocal.cl\/index.php?rest_route=%2Fwp%2Fv2%2Ftags&post=10507"}],"curies":[{"name":"wp","href":"https:\/\/api.w.org\/{rel}","templated":true}]}}