{"id":10324,"date":"2023-01-17T17:57:55","date_gmt":"2023-01-17T20:57:55","guid":{"rendered":"https:\/\/www.semanariolocal.cl\/?p=10324"},"modified":"2023-01-17T17:57:56","modified_gmt":"2023-01-17T20:57:56","slug":"funcionarios-junji-finalizaron-x-escuela-ambiental-de-verano-2023","status":"publish","type":"post","link":"https:\/\/www.semanariolocal.cl\/?p=10324","title":{"rendered":"Funcionarios Junji finalizaron X Escuela ambiental de verano 2023"},"content":{"rendered":"\n<p>La actividad se realiz\u00f3 en la sede Pelluco de la Universidad Austral de Chile (UACH) y tuvo como objetivo contribuir y potenciar las estrategias educativas medioambientales en la regi\u00f3n.<\/p>\n\n\n\n<p>\u201cLas educadoras y t\u00e9cnicas en educaci\u00f3n parvularia son aliadas estrat\u00e9gicas, pues ellas a trav\u00e9s de los procesos educativos ambientales influyen en la formaci\u00f3n de los ni\u00f1os y tocan el coraz\u00f3n de las familias y comunidades\u201d, destac\u00f3 Cristina D\u00edaz de la Seremi de Medio Ambiente y coordinadora del CREA.<\/p>\n\n\n\n<p>Oscar Salas, asesor intercultural de Junji Los Lagos, explica que la instituci\u00f3n participa de la instancia, mayoritariamente a trav\u00e9s de funcionarias de los jardines infantiles certificados en el SNCAE, desde los 10 a\u00f1os de existencia de la Escuela Ambiental de Verano.<\/p>\n\n\n\n<p>\u201cEste a\u00f1o hubo una metodolog\u00eda distinta, ya que fue al aire libre, donde su precursor Rod Walker (acad\u00e9mico brit\u00e1nico y padre de la Educaci\u00f3n Ambiental al Aire Libre en Chile) nos puso en contacto directo con la naturaleza y la tierra y ense\u00f1\u00f3 a ver la educaci\u00f3n ambiental desde una parte m\u00e1s vivencial y poni\u00e9ndonos en el lugar de los otros seres\u201d, enfatiz\u00f3 Salas.<\/p>\n\n\n\n<p>Luc\u00eda Guti\u00e9rrez, t\u00e9cnica en educaci\u00f3n parvularia del Jard\u00edn Infantil \u201cMilla Ant\u00fc\u201d de Alerce de Puerto Montt, quien participa por d\u00e9cima vez de esta Escuela Ambiental, calific\u00f3 el evento como maravilloso para la educaci\u00f3n inicial. \u201cUno puede aprender y retroalimentarse de las tem\u00e1ticas medioambientales y es s\u00faper importante que nuestras colegas participen de estas instancias, para promover el esp\u00edritu verde y trabajo ecol\u00f3gico en las comunidades de los jardines infantiles\u201d, sostuvo.<\/p>\n\n\n\n<p>En la experiencia formativa ambiental, denominada Consejo de Todos los Seres, participaron integrantes de 12 jardines infantiles Junji de las provincias de Osorno, Llanquihue y Chilo\u00e9, entre los 250 asistentes que trabajan en los distintos procesos de educaci\u00f3n ambiental en la regi\u00f3n y el pa\u00eds.<\/p>\n","protected":false},"excerpt":{"rendered":"<p>La actividad se realiz\u00f3 en la sede Pelluco de la Universidad Austral de Chile (UACH) y tuvo como objetivo contribuir y potenciar las estrategias educativas medioambientales en la regi\u00f3n. \u201cLas educadoras y t\u00e9cnicas en educaci\u00f3n parvularia son aliadas estrat\u00e9gicas, pues ellas a trav\u00e9s de los procesos educativos ambientales influyen en la formaci\u00f3n de los ni\u00f1os&#8230;<a class=\"btnReadMore\" href=\"https:\/\/www.semanariolocal.cl\/?p=10324\"> Leer M\u00e1s<\/a><\/p>\n","protected":false},"author":1,"featured_media":10325,"comment_status":"closed","ping_status":"closed","sticky":false,"template":"","format":"standard","meta":{"footnotes":""},"categories":[3],"tags":[337,35,273,247,133],"class_list":["post-10324","post","type-post","status-publish","format-standard","has-post-thumbnail","hentry","category-al-dia","tag-informacion","tag-junji","tag-noticias","tag-region-de-los-lagos","tag-semanario-local"],"_links":{"self":[{"href":"https:\/\/www.semanariolocal.cl\/index.php?rest_route=\/wp\/v2\/posts\/10324","targetHints":{"allow":["GET"]}}],"collection":[{"href":"https:\/\/www.semanariolocal.cl\/index.php?rest_route=\/wp\/v2\/posts"}],"about":[{"href":"https:\/\/www.semanariolocal.cl\/index.php?rest_route=\/wp\/v2\/types\/post"}],"author":[{"embeddable":true,"href":"https:\/\/www.semanariolocal.cl\/index.php?rest_route=\/wp\/v2\/users\/1"}],"replies":[{"embeddable":true,"href":"https:\/\/www.semanariolocal.cl\/index.php?rest_route=%2Fwp%2Fv2%2Fcomments&post=10324"}],"version-history":[{"count":1,"href":"https:\/\/www.semanariolocal.cl\/index.php?rest_route=\/wp\/v2\/posts\/10324\/revisions"}],"predecessor-version":[{"id":10326,"href":"https:\/\/www.semanariolocal.cl\/index.php?rest_route=\/wp\/v2\/posts\/10324\/revisions\/10326"}],"wp:featuredmedia":[{"embeddable":true,"href":"https:\/\/www.semanariolocal.cl\/index.php?rest_route=\/wp\/v2\/media\/10325"}],"wp:attachment":[{"href":"https:\/\/www.semanariolocal.cl\/index.php?rest_route=%2Fwp%2Fv2%2Fmedia&parent=10324"}],"wp:term":[{"taxonomy":"category","embeddable":true,"href":"https:\/\/www.semanariolocal.cl\/index.php?rest_route=%2Fwp%2Fv2%2Fcategories&post=10324"},{"taxonomy":"post_tag","embeddable":true,"href":"https:\/\/www.semanariolocal.cl\/index.php?rest_route=%2Fwp%2Fv2%2Ftags&post=10324"}],"curies":[{"name":"wp","href":"https:\/\/api.w.org\/{rel}","templated":true}]}}