{"id":10261,"date":"2023-01-11T21:51:22","date_gmt":"2023-01-12T00:51:22","guid":{"rendered":"https:\/\/www.semanariolocal.cl\/?p=10261"},"modified":"2023-01-11T21:51:23","modified_gmt":"2023-01-12T00:51:23","slug":"udi-solicita-transparentar-si-indultados-fueron-beneficiados-con-pension-de-gracia","status":"publish","type":"post","link":"https:\/\/www.semanariolocal.cl\/?p=10261","title":{"rendered":"UDI solicita transparentar si indultados fueron beneficiados con pensi\u00f3n de gracia"},"content":{"rendered":"\n<p>El subjefe de la Bancada UDI, Juan Antonio Coloma, junto a los diputados Henry Leal, Cristi\u00e1n Labb\u00e9 y Flor Weisse, oficiaron esta ma\u00f1ana al Ministerio del Interior y Seguridad P\u00fablica para solicitarles que puedan transparentar si alguno de los 12 condenados por haber cometido graves delitos durante el denominado \u201cestallido social\u201d, y que fueron indultados a fines del a\u00f1o pasado por el Presidente Gabriel Boric, recibieron o solicitaron con anterioridad la pensi\u00f3n de gracia que el Gobierno otorg\u00f3 a quienes habr\u00edan sufrido alg\u00fan tipo de menoscabo laboral en octubre de 2019.<\/p>\n\n\n\n<p>Al respecto, los parlamentarios recordaron que, tras una solicitud que realizaron v\u00eda Transparencia, desde el Ejecutivo hab\u00edan informado que -hasta octubre de 2022- un total de 367 personas se encontraban recibiendo dicho beneficio, que va entre los $257 mil y los $516 mil mensuales, dependiendo del tipo de lesiones o agresiones sufridas a partir del actuar de agentes del Estado.<\/p>\n\n\n\n<p>Sin embargo, los diputados de la UDI aseguraron que, en dicha oportunidad y pese a las constantes solicitudes que realizaron v\u00eda Transparencia y tambi\u00e9n por medio de oficios al Ministerio del Interior, el Gobierno no quiso transparentar si las personas que recibieron dicha pensi\u00f3n manten\u00edan causas pendientes por delitos asociados al estallido, respondiendo en el oficio que \u201cel referido Departamento (de Acci\u00f3n Social) no mantiene informaci\u00f3n respecto a beneficiarios formalizados o condenados por hechos de violencia durante el estallido social, ya que se recepcionan los antecedentes de las v\u00edctimas enviados desde el Instituto Nacional de Derechos Humanos (INDH) y se les concede la pensi\u00f3n de gracia de acuerdo a la calificaci\u00f3n que realiza dicha instituci\u00f3n\u201d.<\/p>\n\n\n\n<p>Por lo mismo, Coloma, Leal, Labb\u00e9 y Weisse manifestaron que existe la \u201cleg\u00edtima duda\u201d de si alguno de los 12 indultos esgrimi\u00f3 haber sido v\u00edctima de supuestas violaciones a los derechos humanos, advirtiendo que el Gobierno \u201ctiene la obligaci\u00f3n de transparentar, a la brevedad posible, si alguno de estos delincuentes recibieron o no una pensi\u00f3n de gracia, lo que ser\u00eda extremadamente grave\u201d.<\/p>\n\n\n\n<p>\u201cEs indispensable que el Gobierno salga a aclarar si alguno de estos delincuentes que el Presidente Boric decidi\u00f3 liberar, est\u00e1n recibiendo o solicitaron la pensi\u00f3n de gracia por actos asociados al estallido social. La actual administraci\u00f3n ha cometido una infinidad de errores pol\u00edticos y administrativos a partir de esta nefasta decisi\u00f3n que tomaron, pero nos parecer\u00eda a\u00fan m\u00e1s grave que alguno de los indultados obtuviera este beneficio -pagado con los impuestos de todos los chilenos- sin que nadie haya revisado sus antecedentes\u201d, cuestionaron los parlamentarios de la UDI.<\/p>\n\n\n\n<p>En esa l\u00ednea, los gremialistas expusieron que \u201cdesde el a\u00f1o pasado que le venimos advirtiendo al Ejecutivo la gravedad de no revisar los antecedentes de quienes han solicitado la pensi\u00f3n de gracia\u201d, argumentando que \u201clo m\u00ednimo que debieron hacer es verificar si las supuestas v\u00edctimas fueron part\u00edcipes de la grave vandalizaci\u00f3n que sufri\u00f3 nuestro pa\u00eds, porque de lo contrario existe la posibilidad cierta de que m\u00e1s de alg\u00fan beneficiario haya formado parte activa de la \u2018primera l\u00ednea\u2019, y por qu\u00e9 no creer que, incluso, se trate de alguno de los delincuentes que indult\u00f3 el Presidente\u201d.<\/p>\n\n\n\n<p>\u201cEl Gobierno ha sido c\u00f3mplice del manto de dudas que ha envuelto todo el proceso de indultos, porque desde el primer d\u00eda que est\u00e1n cometiendo error tras error y no tuvieron la capacidad de reconocerlos. Por eso ahora tienen el deber, con todos los chilenos, de transparentar si a trav\u00e9s de sus impuestos est\u00e1n financiando la pensi\u00f3n de alguno de los delincuentes que liber\u00f3 el Presidente Boric, porque de ser as\u00ed, nos parecer\u00eda absolutamente grave y comprometer\u00eda a\u00fan m\u00e1s al Ejecutivo en todo este vergonzoso proceso\u201d, manifestaron los diputados Coloma, Leal, Labb\u00e9 y Weisse, quienes finalmente anunciaron que tambi\u00e9n solicitaron la misma informaci\u00f3n por Transparencia.<\/p>\n","protected":false},"excerpt":{"rendered":"<p>Parlamentarios de la UDI oficiaron al Gobierno para que aclare si existe alg\u00fan tipo de relaci\u00f3n, recordando que la propia administraci\u00f3n reconoci\u00f3 -en octubre de 2022- que no ten\u00eda los antecedentes para saber si quienes recibieron el beneficio participaron o no en actos de violencia durante el a\u00f1o 2019.<\/p>\n","protected":false},"author":1,"featured_media":10262,"comment_status":"closed","ping_status":"closed","sticky":false,"template":"","format":"standard","meta":{"footnotes":""},"categories":[6],"tags":[1216,337,273,247,133,52],"class_list":["post-10261","post","type-post","status-publish","format-standard","has-post-thumbnail","hentry","category-politica","tag-indultos","tag-informacion","tag-noticias","tag-region-de-los-lagos","tag-semanario-local","tag-udi"],"_links":{"self":[{"href":"https:\/\/www.semanariolocal.cl\/index.php?rest_route=\/wp\/v2\/posts\/10261","targetHints":{"allow":["GET"]}}],"collection":[{"href":"https:\/\/www.semanariolocal.cl\/index.php?rest_route=\/wp\/v2\/posts"}],"about":[{"href":"https:\/\/www.semanariolocal.cl\/index.php?rest_route=\/wp\/v2\/types\/post"}],"author":[{"embeddable":true,"href":"https:\/\/www.semanariolocal.cl\/index.php?rest_route=\/wp\/v2\/users\/1"}],"replies":[{"embeddable":true,"href":"https:\/\/www.semanariolocal.cl\/index.php?rest_route=%2Fwp%2Fv2%2Fcomments&post=10261"}],"version-history":[{"count":1,"href":"https:\/\/www.semanariolocal.cl\/index.php?rest_route=\/wp\/v2\/posts\/10261\/revisions"}],"predecessor-version":[{"id":10263,"href":"https:\/\/www.semanariolocal.cl\/index.php?rest_route=\/wp\/v2\/posts\/10261\/revisions\/10263"}],"wp:featuredmedia":[{"embeddable":true,"href":"https:\/\/www.semanariolocal.cl\/index.php?rest_route=\/wp\/v2\/media\/10262"}],"wp:attachment":[{"href":"https:\/\/www.semanariolocal.cl\/index.php?rest_route=%2Fwp%2Fv2%2Fmedia&parent=10261"}],"wp:term":[{"taxonomy":"category","embeddable":true,"href":"https:\/\/www.semanariolocal.cl\/index.php?rest_route=%2Fwp%2Fv2%2Fcategories&post=10261"},{"taxonomy":"post_tag","embeddable":true,"href":"https:\/\/www.semanariolocal.cl\/index.php?rest_route=%2Fwp%2Fv2%2Ftags&post=10261"}],"curies":[{"name":"wp","href":"https:\/\/api.w.org\/{rel}","templated":true}]}}