{"id":10258,"date":"2023-01-11T21:46:11","date_gmt":"2023-01-12T00:46:11","guid":{"rendered":"https:\/\/www.semanariolocal.cl\/?p=10258"},"modified":"2023-01-11T21:46:14","modified_gmt":"2023-01-12T00:46:14","slug":"prochile-dara-fuerte-impulso-a-exportaciones-de-servicios-e-industrias-creativas-en-2023","status":"publish","type":"post","link":"https:\/\/www.semanariolocal.cl\/?p=10258","title":{"rendered":"<strong>ProChile dar\u00e1 fuerte impulso a exportaciones de servicios e industrias creativas en 2023<\/strong>"},"content":{"rendered":"\n<p>Un importante impulso a las empresas exportadoras de servicios e industrias creativas entregar\u00e1 ProChile este a\u00f1o, a trav\u00e9s de los concursos para ambos sectores, cuyos resultados fueron dados a conocer esta jornada. En total fueron aprobados 59&nbsp;proyectos, de los cuales 30&nbsp;corresponden al sector servicios y 29 a industrias creativas, con un aporte p\u00fablico de ProChile que suma $ 600&nbsp;millones.<\/p>\n\n\n\n<p>La informaci\u00f3n la entreg\u00f3 la jefa de la Secretar\u00eda Ejecutiva de Promoci\u00f3n de Exportaciones, Marie Isabel Wainwright, quien detall\u00f3 que estos recursos, sumado a la gesti\u00f3n y apoyo de ProChile, permitir\u00e1n a empresas exportadoras de los sectores de servicios e industrias creativas desarrollar iniciativas durante este a\u00f1o, orientadas a aumentar sus exportaciones o diversificar sus mercados de destino.<\/p>\n\n\n\n<p>\u201cLa selecci\u00f3n se realiz\u00f3 poniendo \u00e9nfasis en peque\u00f1as y medianas empresas exportadoras, que participen directamente en el desarrollo y comercializaci\u00f3n de servicios e industrias creativas, que adem\u00e1s cuenten con capacidad de gesti\u00f3n y compromiso en el desaf\u00edo de la internacionalizaci\u00f3n, relacionadas con la diversificaci\u00f3n de mercados\u201d, a\u00f1adi\u00f3.<\/p>\n\n\n\n<p>Otro elemento considerado en estos concursos es priorizar proyectos que \u201cincorporen la sostenibilidad en su gesti\u00f3n y que cuenten con iniciativas escalables y con valor agregado en innovaci\u00f3n en el modelo de su negocio o servicio\u201d.<\/p>\n\n\n\n<p>En el concurso servicios se seleccion\u00f3 a 24 proyectos empresariales y 6 sectoriales. Las regiones a que corresponden los proyectos adjudicados son Metropolitana, Valpara\u00edso, Coquimbo, Los Lagos, Biob\u00edo,&nbsp;Arica y Parinacota, Atacama, Tarapac\u00e1, O\u00b4Higgins, Maule, Los R\u00edos y&nbsp;Magallanes. Los sectores beneficiados son; servicios, ingenier\u00eda, TIC\u00b4s, educacionales, consultor\u00eda, investigaci\u00f3n y desarrollo, asesor\u00eda, mantenci\u00f3n y reparaci\u00f3n, arquitectura y publicidad, y los mercados m\u00e1s demandados fueron Per\u00fa, Colombia y Ecuador.&nbsp;<\/p>\n\n\n\n<p>Para el concurso de industrias creativas, las regiones a que corresponden los proyectos seleccionados son Metropolitana, Valpara\u00edso, Tarapac\u00e1 y La Araucan\u00eda. Los sectores seleccionados son; artesan\u00edas, m\u00fasica, editorial, animaci\u00f3n, artes visuales, videojuegos, audiovisual y dise\u00f1o, y este caso los mercados a los que apuntan los proyectos son Francia, Estados Unidos y M\u00e9xico, principalmente.<\/p>\n\n\n\n<p>Los proyectos seleccionados realizar\u00e1n distintas acciones de promoci\u00f3n internacional, entre las que se cuentan promoci\u00f3n en plataformas de e-Commerce, visitas a ferias internacionales, asistencia a foros, seminarios, talleres y eventos de difusi\u00f3n internacionales de car\u00e1cter comercial, entre otros.&nbsp;<\/p>\n\n\n\n<p>Marie Isabel Wainwright indic\u00f3 que dentro de los pr\u00f3ximos d\u00edas ser\u00e1n notificados los ganadores de los concursos, \u201cpara que comiencen las gestiones de suscripci\u00f3n de convenios con ProChile y puedan comenzar a ejecutar sus proyectos durante las pr\u00f3ximas semanas y permitamos as\u00ed que m\u00e1s empresas de los sectores servicios e industrias creativas se integren al comercio exterior, que tengan clientes en el extranjero y que aprovechen la experiencia y capacidad profesional y t\u00e9cnica existente en Chile, para llegar a otros mercados\u201d.<\/p>\n","protected":false},"excerpt":{"rendered":"<p>La instituci\u00f3n dio a conocer los resultados de sus Concursos de Promoci\u00f3n de Exportaciones para este a\u00f1o: 30 proyectos fueron aprobados para sector de servicios y 29 para el de industrias creativas.<\/p>\n","protected":false},"author":1,"featured_media":10259,"comment_status":"closed","ping_status":"closed","sticky":false,"template":"","format":"standard","meta":{"footnotes":""},"categories":[3],"tags":[337,273,247,133],"class_list":["post-10258","post","type-post","status-publish","format-standard","has-post-thumbnail","hentry","category-al-dia","tag-informacion","tag-noticias","tag-region-de-los-lagos","tag-semanario-local"],"_links":{"self":[{"href":"https:\/\/www.semanariolocal.cl\/index.php?rest_route=\/wp\/v2\/posts\/10258","targetHints":{"allow":["GET"]}}],"collection":[{"href":"https:\/\/www.semanariolocal.cl\/index.php?rest_route=\/wp\/v2\/posts"}],"about":[{"href":"https:\/\/www.semanariolocal.cl\/index.php?rest_route=\/wp\/v2\/types\/post"}],"author":[{"embeddable":true,"href":"https:\/\/www.semanariolocal.cl\/index.php?rest_route=\/wp\/v2\/users\/1"}],"replies":[{"embeddable":true,"href":"https:\/\/www.semanariolocal.cl\/index.php?rest_route=%2Fwp%2Fv2%2Fcomments&post=10258"}],"version-history":[{"count":1,"href":"https:\/\/www.semanariolocal.cl\/index.php?rest_route=\/wp\/v2\/posts\/10258\/revisions"}],"predecessor-version":[{"id":10260,"href":"https:\/\/www.semanariolocal.cl\/index.php?rest_route=\/wp\/v2\/posts\/10258\/revisions\/10260"}],"wp:featuredmedia":[{"embeddable":true,"href":"https:\/\/www.semanariolocal.cl\/index.php?rest_route=\/wp\/v2\/media\/10259"}],"wp:attachment":[{"href":"https:\/\/www.semanariolocal.cl\/index.php?rest_route=%2Fwp%2Fv2%2Fmedia&parent=10258"}],"wp:term":[{"taxonomy":"category","embeddable":true,"href":"https:\/\/www.semanariolocal.cl\/index.php?rest_route=%2Fwp%2Fv2%2Fcategories&post=10258"},{"taxonomy":"post_tag","embeddable":true,"href":"https:\/\/www.semanariolocal.cl\/index.php?rest_route=%2Fwp%2Fv2%2Ftags&post=10258"}],"curies":[{"name":"wp","href":"https:\/\/api.w.org\/{rel}","templated":true}]}}