{"id":10231,"date":"2023-01-09T20:25:37","date_gmt":"2023-01-09T23:25:37","guid":{"rendered":"https:\/\/www.semanariolocal.cl\/?p=10231"},"modified":"2023-01-09T20:25:38","modified_gmt":"2023-01-09T23:25:38","slug":"transicion-energetica-es-mas-compleja-y-desafiante-de-lo-que-puede-parecer","status":"publish","type":"post","link":"https:\/\/www.semanariolocal.cl\/?p=10231","title":{"rendered":"Transici\u00f3n energ\u00e9tica es m\u00e1s compleja y desafiante de lo que puede parecer"},"content":{"rendered":"\n<p>2022 fue un a\u00f1o r\u00e9cord para las energ\u00edas renovables. As\u00ed lo confirmaron las cifras del tradicional Balance presentado hoy en la Conferencia de Prensa Anual de la Asociaci\u00f3n Chilena de Energ\u00edas Renovables y Almacenamiento (ACERA A.G.), que cont\u00f3 con los an\u00e1lisis y presentaciones del&nbsp;<strong>Presidente del Directorio del gremio, Jaime Toledo y de su Directora Ejecutiva, Ana L\u00eda Rojas,<\/strong>&nbsp;que adem\u00e1s de los principales hitos del a\u00f1o reci\u00e9n pasado, destacaron las perspectivas y principales desaf\u00edos de cara al 2023.&nbsp;<\/p>\n\n\n\n<p>En su apertura,&nbsp;<strong>Jaime Toledo, Presidente de ACERA<\/strong>, destac\u00f3 los principales acontecimientos que han marcado el incre\u00edble crecimiento y perseverante carrera de las energ\u00edas renovables y el almacenamiento en lograr anticipadamente sus metas en estas \u00faltimas dos d\u00e9cadas -a prop\u00f3sito del 20\u00ba aniversario de ACERA este 2023- , resaltando que las ERNC han dejado de ser una declaraci\u00f3n de intenciones o un sue\u00f1o sino que \u201cla \u00fanica forma que tiene nuestro sistema el\u00e9ctrico nacional para seguir expandi\u00e9ndose, en consistencia con la urgencia clim\u00e1tica, las demandas de la ciudadan\u00eda y el cumplimiento de nuestros compromisos en materia medioambiental y de justicia en la transici\u00f3n energ\u00e9tica\u201d, aclar\u00f3.&nbsp;<\/p>\n\n\n\n<p>Sin embargo, se\u00f1al\u00f3 que junto con el optimismo de las buenas cifras del 2022 y los grandes \u00e9xitos y avances estos \u00faltimos 20 a\u00f1os, estamos tambi\u00e9n \u201cen un momento de inflexi\u00f3n, con baches y grandes retos para esa senda de acciones que requerimos como pa\u00eds para ser capaces de concretar la anhelada transici\u00f3n energ\u00e9tica de nuestro sector\u201d, agregando que \u201cno podemos quedarnos en la autocomplacencia sin se\u00f1alar los m\u00faltiples desaf\u00edos que como industria deberemos superar este 2023 para seguir avanzando fuerte y decididamente en un trabajo p\u00fablico privado para el cual es necesario dialogar y comprender que esta transici\u00f3n energ\u00e9tica es m\u00e1s compleja y desafiante de lo que puede parecer\u201d, recalc\u00f3&nbsp;<strong>Toledo<\/strong>.&nbsp;<\/p>\n\n\n\n<p>La participaci\u00f3n ERNC aument\u00f3 seis puntos porcentuales respecto al 2021, llegando a un 33% de generaci\u00f3n; con un peak de participaci\u00f3n horaria de ERNC en la matriz el\u00e9ctrica de generaci\u00f3n de un 71,3%. Tambi\u00e9n se destac\u00f3 que durante el 83% de los d\u00edas del a\u00f1o, la m\u00e1xima participaci\u00f3n horaria ERNC super\u00f3 el 50%.<\/p>\n\n\n\n<p>En tanto, la capacidad instalada ERNC alcanz\u00f3 13.781 MW, correspondientes al 41,3% de la capacidad instalada total del pa\u00eds y 155 nuevos proyectos nuevos adicionados al sistema el\u00e9ctrico nacional, entre ERNC y sistemas de almacenamiento, totalizando 3.954 MW y una inversi\u00f3n estimada de 4.216 millones de d\u00f3lares.&nbsp;<\/p>\n\n\n\n<p>Asimismo, el factor de emisiones de GEI del SEN durante 2022 fue 0,302 [TonCo2eq\/MWh] disminuyendo en un 22% con respecto a 2021 . Esta reducci\u00f3n significa 6,84 millones TonCo2eq menos respecto a 2021, lo que equivale a reducir el parque automotriz en 1,5 millones de veh\u00edculos.<\/p>\n\n\n\n<h2 class=\"wp-block-heading\">Inversionistas est\u00e1n en etapa de permanente evaluaci\u00f3n<\/h2>\n\n\n\n<p>Si bien hubo un aumento de la generaci\u00f3n renovable en la matriz, y una cifra r\u00e9cord en participaci\u00f3n de \u00e9stas, en el 2022 se experimentaron una serie de afectaciones para el sector de energ\u00edas renovables y de almacenamiento, alertas que pueden implicar una p\u00e9rdida de atractivo para nuevas inversiones en el sector renovable, tales como: r\u00e9cord en los recortes o vertimientos de ERNC, alta exposici\u00f3n a costo marginal cero, sumando entre 1500 a 2000 horas de precios 0 en el sistema y profundizaci\u00f3n de las diferencias de precios internodales, conocidos como desacoples, tres afectaciones que sin embargo, no tienen un plan de gesti\u00f3n para los pr\u00f3ximos meses. Tambi\u00e9n se mencion\u00f3 como punto bajo del a\u00f1o a las empresas generadoras que informaron su imposibilidad para cumplir con sus contratos de clientes regulados, y por ende, suspendidas del mercado de corto plazo. Por \u00faltimo, la grave afectaci\u00f3n que supondr\u00e1 la modificaci\u00f3n de reglamento de potencia cuyo perjuicio sobre los reconocimientos de pagos para la energ\u00eda solar y aumento de pagos para las energ\u00edas f\u00f3siles, no se condice ni son coherentes con la pol\u00edtica de descarbonizaci\u00f3n que el pa\u00eds persigue, por nombrar&nbsp;s\u00f3lo algunos de los puntos que m\u00e1s preocuparon el a\u00f1o reci\u00e9n pasado.&nbsp;<\/p>\n\n\n\n<p>\u201cUno de los retos m\u00e1s importantes para el 2023 es el plan de manejo para los vertimientos que corresponden a recortes de energ\u00eda renovable, limpia y barata que no se pueden integrar al sistema por distintas razones asociadas a la transmisi\u00f3n, congestiones y a la falta de flexibilidad del parque el\u00e9ctrico nacional. \u00c9stos han aumentado en 225% respecto del 2021\u201d, advirti\u00f3 la&nbsp;<strong>directora ejecutiva de ACERA, Ana L\u00eda Rojas.&nbsp;<\/strong><\/p>\n\n\n\n<p>Finalmente, el gremio detall\u00f3 una variada lista de desaf\u00edos, donde estimaron fundamental relevar al menos los m\u00e1s clave para el futuro del sector energ\u00e9tico como un todo; entre ellos, el seguir parlamentando con el Ejecutivo sobre la propuesta del nuevo reglamento de potencia, que una vez que entre en vigencia, le otorga un reconocimiento de pagos al almacenamiento en desmedro de la energ\u00eda solar y sin afectar a las fuentes t\u00e9rmicas f\u00f3siles; impulsar urgentemente el inicio de una discusi\u00f3n seria y fundamentada sobre el dise\u00f1o y definici\u00f3n de remuneraci\u00f3n de un mercado el\u00e9ctrico con alta penetraci\u00f3n de renovables, la cual se requiere para un futuro descarbonizado; y por \u00faltimo, la importancia de tener una adecuada gesti\u00f3n territorial para todos los actores de la transici\u00f3n energ\u00e9tica del sector el\u00e9ctrico, donde para cumplir con las metas de descarbonizaci\u00f3n es necesario construir m\u00e1s centrales renovables. \u201cNuestra industria, tiene tanto una historia como un origen com\u00fan con el cuidado del medio ambiente y nuestro compromiso es y ser\u00e1 siempre trabajar por la mayor inserci\u00f3n de energ\u00edas renovables, la convivencia arm\u00f3nica con las comunidades y el territorio, una pol\u00edtica de eficiencia energ\u00e9tica y gesti\u00f3n de la demanda con se\u00f1ales econ\u00f3micas adecuadas para el ajuste del consumo cuando hay se\u00f1ales de estrechez energ\u00e9tica; la ampliaci\u00f3n de los consumos&nbsp; electrificados y, en definitiva, la acci\u00f3n para la disminuci\u00f3n de emisiones del sector el\u00e9ctrico y la descarbonizaci\u00f3n de nuestra matriz. \u201d, concluy\u00f3&nbsp;<strong>Jaime Toledo.<\/strong><\/p>\n","protected":false},"excerpt":{"rendered":"<p>En el balance anual del gremio renovable, se destac\u00f3 que el 2022 fue un a\u00f1o r\u00e9cord para las ERNC, con un 33% de participaci\u00f3n en la generaci\u00f3n de energ\u00eda el\u00e9ctrica, aumentando 6 puntos porcentuales con respecto al a\u00f1o anterior; y la capacidad instalada ERNC alcanz\u00f3 13.781 MW, constituyendo el 41,3% de la capacidad instalada del pa\u00eds.<br \/>\n   Asimismo, durante 2022, el factor de emisiones del SEN disminuy\u00f3 en un 22% con respecto a 2021, lo que equivale a reducir el parque automotriz en 1,5 millones de veh\u00edculos.<\/p>\n","protected":false},"author":1,"featured_media":10232,"comment_status":"closed","ping_status":"closed","sticky":false,"template":"","format":"standard","meta":{"footnotes":""},"categories":[3],"tags":[1259,1257,1256,1255,337,1258,273,247,133],"class_list":["post-10231","post","type-post","status-publish","format-standard","has-post-thumbnail","hentry","category-al-dia","tag-acera-a-g","tag-ana-lia-rojas","tag-asociacion-chilena-de-energias-renovables","tag-ernc","tag-informacion","tag-jaime-toledo","tag-noticias","tag-region-de-los-lagos","tag-semanario-local"],"_links":{"self":[{"href":"https:\/\/www.semanariolocal.cl\/index.php?rest_route=\/wp\/v2\/posts\/10231","targetHints":{"allow":["GET"]}}],"collection":[{"href":"https:\/\/www.semanariolocal.cl\/index.php?rest_route=\/wp\/v2\/posts"}],"about":[{"href":"https:\/\/www.semanariolocal.cl\/index.php?rest_route=\/wp\/v2\/types\/post"}],"author":[{"embeddable":true,"href":"https:\/\/www.semanariolocal.cl\/index.php?rest_route=\/wp\/v2\/users\/1"}],"replies":[{"embeddable":true,"href":"https:\/\/www.semanariolocal.cl\/index.php?rest_route=%2Fwp%2Fv2%2Fcomments&post=10231"}],"version-history":[{"count":1,"href":"https:\/\/www.semanariolocal.cl\/index.php?rest_route=\/wp\/v2\/posts\/10231\/revisions"}],"predecessor-version":[{"id":10233,"href":"https:\/\/www.semanariolocal.cl\/index.php?rest_route=\/wp\/v2\/posts\/10231\/revisions\/10233"}],"wp:featuredmedia":[{"embeddable":true,"href":"https:\/\/www.semanariolocal.cl\/index.php?rest_route=\/wp\/v2\/media\/10232"}],"wp:attachment":[{"href":"https:\/\/www.semanariolocal.cl\/index.php?rest_route=%2Fwp%2Fv2%2Fmedia&parent=10231"}],"wp:term":[{"taxonomy":"category","embeddable":true,"href":"https:\/\/www.semanariolocal.cl\/index.php?rest_route=%2Fwp%2Fv2%2Fcategories&post=10231"},{"taxonomy":"post_tag","embeddable":true,"href":"https:\/\/www.semanariolocal.cl\/index.php?rest_route=%2Fwp%2Fv2%2Ftags&post=10231"}],"curies":[{"name":"wp","href":"https:\/\/api.w.org\/{rel}","templated":true}]}}