{"id":10157,"date":"2023-01-02T07:55:00","date_gmt":"2023-01-02T10:55:00","guid":{"rendered":"https:\/\/www.semanariolocal.cl\/?p=10157"},"modified":"2023-01-03T16:15:42","modified_gmt":"2023-01-03T19:15:42","slug":"anuncian-proyecto-para-eliminar-tombola-del-sistema-de-seleccion-escolar","status":"publish","type":"post","link":"https:\/\/www.semanariolocal.cl\/?p=10157","title":{"rendered":"Anuncian proyecto para eliminar \u201ct\u00f3mbola\u201d del sistema de selecci\u00f3n escolar"},"content":{"rendered":"\n<p>El subjefe de la Bancada UDI, Juan Antonio Coloma, junto a los diputados que integran la comisi\u00f3n de Educaci\u00f3n de la C\u00e1mara Baja, Eduardo Cornejo y Fernando B\u00f3rquez, acusaron al Gobierno de mantener una actitud \u201cindolente\u201d con los padres y apoderados del pa\u00eds, luego que un grupo de ellos decidiera acampar en las afueras de distintos establecimientos educacionales -espec\u00edficamente en las comunas de Copiap\u00f3 y Talca- para tratar de conseguir un cupo para la educaci\u00f3n de sus hijos.<\/p>\n\n\n\n<p>Al respecto, los parlamentarios gremialistas denunciaron que dicha situaci\u00f3n \u201ces el fruto de una pol\u00edtica p\u00fablica absolutamente ideol\u00f3gica y fracasada, que prefiri\u00f3 quitarle los patines a los estudiantes y que hoy no hace m\u00e1s que obligar a los padres y apoderados a tener que pernoctar fuera de un colegio para tratar de obtener una matr\u00edcula\u201d, agregando que las mismas im\u00e1genes se seguir\u00e1n repitiendo considerando que reci\u00e9n el 3 de enero se abrir\u00e1n algunas vacantes para los alumnos que no postularon o no quedaron seleccionados en el Sistema de Admisi\u00f3n Escolar 2023.<\/p>\n\n\n\n<p>\u201cResulta absolutamente indigno para esas familias tener que acampar fuera de los colegios, incluso en plena Navidad, para tratar de que sus hijos puedan acceder a un cupo. Es inaceptable que los padres y apoderados tengan que mendigar por la educaci\u00f3n de sus hijos, por culpa de un sistema que fue mal hecho y que de ning\u00fan modo premia el m\u00e9rito y las capacidades de un estudiante, porque incluso hemos conocido testimonios de estudiantes con promedio 6,9, cuyos padres no tienen otra opci\u00f3n que pernoctar fuera de los establecimientos\u201d, criticaron los legisladores UDI.<\/p>\n\n\n\n<p>Por lo mismo, y junto con emplazar al Ejecutivo -en espec\u00edfico al Ministerio de Educaci\u00f3n- para que adopten distintas medidas que permitan evitar que los padres sigan durmiendo en el exterior de los colegios, como habilitar una plataforma digital para las vacantes, los diputados Coloma, Cornejo y B\u00f3rquez tambi\u00e9n anunciaron que reactivar\u00e1n un proyecto de ley que busca eliminar la \u201ct\u00f3mbola\u201d del Sistema de Admisi\u00f3n Escolar, y donde se privilegie el m\u00e9rito en el proceso de selecci\u00f3n.<\/p>\n\n\n\n<p>\u201cEste es un proyecto que viene a eliminar la aleatoriedad o el criterio de fortuna dentro de los procesos de selecci\u00f3n educacional, priorizando el m\u00e9rito y los rendimientos acad\u00e9micos del estudiante por sobre otras consideraciones. Por supuesto que hay que mantener las herramientas que impiden una discriminaci\u00f3n arbitraria dentro del proceso, pero tambi\u00e9n tenemos que volver a la l\u00f3gica de premiar y valorar a quienes se han sacrificado obteniendo un buen rendimiento y que, por lo mismo, merecen quedar donde ellos desean\u201d, se\u00f1alaron los parlamentarios gremialistas<\/p>\n\n\n\n<p>Por \u00faltimo, los diputados Coloma, Cornejo y B\u00f3rquez conminaron al Gobierno a otorgarle \u201cm\u00e1xima urgencia\u201d a dicha iniciativa y a ofrecer una soluci\u00f3n temporal para el proceso de 2023, asegurando que \u201cser\u00eda inaceptable que las actuales autoridades sigan de brazos cruzados viendo c\u00f3mo los padres y apoderados, en condiciones indignas y poniendo incluso en riesgo su integridad f\u00edsica, tienen que mantenerse acampando fuera de los establecimientos por la responsabilidad de otros\u201d.<\/p>\n","protected":false},"excerpt":{"rendered":"<p>Califica de indigno tener que acampar fuera de los colegios para tratar de que sus hijos puedan acceder a un cupo escolar en determinados colegios.<\/p>\n","protected":false},"author":1,"featured_media":10158,"comment_status":"closed","ping_status":"closed","sticky":false,"template":"","format":"standard","meta":{"footnotes":""},"categories":[3,11,6],"tags":[1206,985,77,337,524,273,247,133,52],"class_list":["post-10157","post","type-post","status-publish","format-standard","has-post-thumbnail","hentry","category-al-dia","category-educacion","category-politica","tag-cupos","tag-diputados-udi","tag-educacion","tag-informacion","tag-juan-antonio-coloma","tag-noticias","tag-region-de-los-lagos","tag-semanario-local","tag-udi"],"_links":{"self":[{"href":"https:\/\/www.semanariolocal.cl\/index.php?rest_route=\/wp\/v2\/posts\/10157","targetHints":{"allow":["GET"]}}],"collection":[{"href":"https:\/\/www.semanariolocal.cl\/index.php?rest_route=\/wp\/v2\/posts"}],"about":[{"href":"https:\/\/www.semanariolocal.cl\/index.php?rest_route=\/wp\/v2\/types\/post"}],"author":[{"embeddable":true,"href":"https:\/\/www.semanariolocal.cl\/index.php?rest_route=\/wp\/v2\/users\/1"}],"replies":[{"embeddable":true,"href":"https:\/\/www.semanariolocal.cl\/index.php?rest_route=%2Fwp%2Fv2%2Fcomments&post=10157"}],"version-history":[{"count":1,"href":"https:\/\/www.semanariolocal.cl\/index.php?rest_route=\/wp\/v2\/posts\/10157\/revisions"}],"predecessor-version":[{"id":10159,"href":"https:\/\/www.semanariolocal.cl\/index.php?rest_route=\/wp\/v2\/posts\/10157\/revisions\/10159"}],"wp:featuredmedia":[{"embeddable":true,"href":"https:\/\/www.semanariolocal.cl\/index.php?rest_route=\/wp\/v2\/media\/10158"}],"wp:attachment":[{"href":"https:\/\/www.semanariolocal.cl\/index.php?rest_route=%2Fwp%2Fv2%2Fmedia&parent=10157"}],"wp:term":[{"taxonomy":"category","embeddable":true,"href":"https:\/\/www.semanariolocal.cl\/index.php?rest_route=%2Fwp%2Fv2%2Fcategories&post=10157"},{"taxonomy":"post_tag","embeddable":true,"href":"https:\/\/www.semanariolocal.cl\/index.php?rest_route=%2Fwp%2Fv2%2Ftags&post=10157"}],"curies":[{"name":"wp","href":"https:\/\/api.w.org\/{rel}","templated":true}]}}