{"id":10148,"date":"2023-01-02T08:00:00","date_gmt":"2023-01-02T11:00:00","guid":{"rendered":"https:\/\/www.semanariolocal.cl\/?p=10148"},"modified":"2023-01-03T15:58:14","modified_gmt":"2023-01-03T18:58:14","slug":"reduccion-jornada-laboral-76-de-expertos-cree-que-es-posible-implementarla","status":"publish","type":"post","link":"https:\/\/www.semanariolocal.cl\/?p=10148","title":{"rendered":"Reducci\u00f3n Jornada laboral: 76% de expertos cree que es posible implementarla"},"content":{"rendered":"\n<p>La reducci\u00f3n de la jornada laboral es un tema que no s\u00f3lo est\u00e1 en plena discusi\u00f3n legislativa en nuestro pa\u00eds, sino que tambi\u00e9n es una tendencia que ha ido tomado fuerza en Latinoam\u00e9rica.<\/p>\n\n\n\n<p>Es por ello que la plataforma Laborum, realiz\u00f3 un estudio en el que participaron 691 profesionales de Recursos Humanos de la regi\u00f3n: 330 de Argentina, 215 de Chile, 67 de Ecuador, 45 de Panam\u00e1 y 34 de Per\u00fa, para analizar los beneficios y dificultades de este cambio.<\/p>\n\n\n\n<p>De acuerdo con los resultados, el 76% de los especialistas cree que es posible implementar una reducci\u00f3n de la jornada laboral, siendo la cifra m\u00e1s alta de la regi\u00f3n, seguidos por los peruanos con un 74%, los argentinos con un 62% y un 60% los ecuatorianos. Pero \u00bfqu\u00e9 tipo de reducci\u00f3n implementar\u00edan? El 80% opt\u00f3 por la opci\u00f3n de \u201creducir la cantidad de horas que se trabajan por d\u00eda\u201d, mientras que un 19% asegura que se podr\u00edan \u201creducir los d\u00edas laborales a cuatro\u201d.<\/p>\n\n\n\n<p>Curiosamente y aunque la mayor\u00eda piensa que es factible realizar este cambio, un 58% no tiene pensado hacerlo. \u00bfQu\u00e9 tipo de reducci\u00f3n de la jornada van a realizar? En esta respuesta se repite la tendencia sobre la tipolog\u00eda de la reducci\u00f3n: el 85% eligi\u00f3 \u201creducir la cantidad de horas que se trabajan por d\u00eda\u201d y un 14% prefiere \u201creducir los d\u00edas laborales a cuatro\u201d.<\/p>\n\n\n\n<p>Por otro lado, el 94% de los especialistas en Recursos Humanos cree que la tendencia a futuro apunta hacia una reducci\u00f3n de la jornada laboral, siendo de las cifras m\u00e1s altas en la regi\u00f3n junto con Ecuador que tiene el mismo porcentaje. Le siguen Per\u00fa con un 91% y Argentina con un 88%.<\/p>\n\n\n\n<p>Respecto de cu\u00e1l es la reducci\u00f3n de jornada m\u00e1s atractiva para los trabajadores, el 56% asegura que es mejor disminuir los d\u00edas laborales versus un 43% que opt\u00f3 por \u201creducir la cantidad de horas que se trabajan por d\u00eda\u201d. En el caso de los nuevos talentos, un 93% destaca que las empresas que introduzcan esta nueva modalidad de trabajo ser\u00e1n m\u00e1s atractivas para ellos.&nbsp;<\/p>\n\n\n\n<p>Un tema que ha generado amplio debate y que muchos se preguntan, es si es posible implementar una reducci\u00f3n laboral y a su vez mantener los mismos salarios. Seg\u00fan el 72% de los expertos a nivel pa\u00eds, ambas modalidades pueden convivir, frente a un 27% que no lo ve factible.<\/p>\n\n\n\n<p>\u201cSin duda que el Proyecto de Ley de 40 horas laborales que se est\u00e1 analizando actualmente en el congreso, es un hito que marca un antes y un despu\u00e9s en el mundo del trabajo, avanzando directamente hacia un modelo m\u00e1s moderno que comience a posicionar a Chile, dentro de los pa\u00edses que abordan la compatibilidad entre lo laboral y lo personal. Los resultados de este estudio demuestran lo importante y urgente que es avanzar en este tema\u201d, afirm\u00f3 el director de Laborum en Chile, Diego Tala.<\/p>\n\n\n\n<h2 class=\"wp-block-heading\"><strong>Beneficios y dificultades<\/strong><\/h2>\n\n\n\n<p>De acuerdo con el estudio, dentro de los principales beneficios de la reducci\u00f3n de la jornada se encuentran: \u201cUn mejor equilibrio entre la vida laboral y la personal\u201d con un 83%; \u201cun aumento del descanso f\u00edsico y mental\u201d con un 67%; \u201cun descenso en los niveles de estr\u00e9s\u201d con un 53% y \u201cuna optimizaci\u00f3n del tiempo\u201d con un 50%.<\/p>\n\n\n\n<p>Al momento de consultar sobre cu\u00e1les ser\u00edan las principales dificultades al momento de reducir la jornada laboral, el 46% de los expertos aseguran que se generar\u00e1 \u201cun aumento del costo laboral\u201d; un 41% cree que ve dif\u00edcil \u201cllevarla a cabo sin reducir los salarios\u201d y con la misma cifra ven como un problema \u201cla falta de tiempo para llevar a cabo las tareas\u201d. A su vez, un 28% opina que habr\u00e1 \u201cuna disminuci\u00f3n de la productividad\u201d.<\/p>\n","protected":false},"excerpt":{"rendered":"<p>La cifra corresponde a los resultados de un estudio realizado por la plataforma Laborum en Latinoam\u00e9rica, siendo la m\u00e1s alta en la regi\u00f3n. Respecto del cambio que se realizar\u00eda, un 80% opt\u00f3 por disminuir la cantidad de horas que se trabajan por d\u00eda, mientras que un 19% asegura que se podr\u00edan bajar los d\u00edas laborales a cuatro. <\/p>\n","protected":false},"author":1,"featured_media":10149,"comment_status":"closed","ping_status":"closed","sticky":false,"template":"","format":"standard","meta":{"footnotes":""},"categories":[3],"tags":[1205,337,1204,273,247,133],"class_list":["post-10148","post","type-post","status-publish","format-standard","has-post-thumbnail","hentry","category-al-dia","tag-40-horas","tag-informacion","tag-jornada-laboral","tag-noticias","tag-region-de-los-lagos","tag-semanario-local"],"_links":{"self":[{"href":"https:\/\/www.semanariolocal.cl\/index.php?rest_route=\/wp\/v2\/posts\/10148","targetHints":{"allow":["GET"]}}],"collection":[{"href":"https:\/\/www.semanariolocal.cl\/index.php?rest_route=\/wp\/v2\/posts"}],"about":[{"href":"https:\/\/www.semanariolocal.cl\/index.php?rest_route=\/wp\/v2\/types\/post"}],"author":[{"embeddable":true,"href":"https:\/\/www.semanariolocal.cl\/index.php?rest_route=\/wp\/v2\/users\/1"}],"replies":[{"embeddable":true,"href":"https:\/\/www.semanariolocal.cl\/index.php?rest_route=%2Fwp%2Fv2%2Fcomments&post=10148"}],"version-history":[{"count":1,"href":"https:\/\/www.semanariolocal.cl\/index.php?rest_route=\/wp\/v2\/posts\/10148\/revisions"}],"predecessor-version":[{"id":10150,"href":"https:\/\/www.semanariolocal.cl\/index.php?rest_route=\/wp\/v2\/posts\/10148\/revisions\/10150"}],"wp:featuredmedia":[{"embeddable":true,"href":"https:\/\/www.semanariolocal.cl\/index.php?rest_route=\/wp\/v2\/media\/10149"}],"wp:attachment":[{"href":"https:\/\/www.semanariolocal.cl\/index.php?rest_route=%2Fwp%2Fv2%2Fmedia&parent=10148"}],"wp:term":[{"taxonomy":"category","embeddable":true,"href":"https:\/\/www.semanariolocal.cl\/index.php?rest_route=%2Fwp%2Fv2%2Fcategories&post=10148"},{"taxonomy":"post_tag","embeddable":true,"href":"https:\/\/www.semanariolocal.cl\/index.php?rest_route=%2Fwp%2Fv2%2Ftags&post=10148"}],"curies":[{"name":"wp","href":"https:\/\/api.w.org\/{rel}","templated":true}]}}