{"id":10049,"date":"2022-12-21T22:23:16","date_gmt":"2022-12-22T01:23:16","guid":{"rendered":"https:\/\/www.semanariolocal.cl\/?p=10049"},"modified":"2022-12-21T22:23:17","modified_gmt":"2022-12-22T01:23:17","slug":"observatorio-laboral-de-sence-entrega-cifras-del-ultimo-termometro-del-ano","status":"publish","type":"post","link":"https:\/\/www.semanariolocal.cl\/?p=10049","title":{"rendered":"<strong>Observatorio Laboral de Sence entrega cifras del \u00faltimo term\u00f3metro del a\u00f1o<\/strong>"},"content":{"rendered":"\n<p class=\"wp-block-paragraph\">M\u00e1s de 78 mil ocupaciones se han perdido en la Regi\u00f3n de Los Lagos si se compara con la situaci\u00f3n presentada en el trimestre Agosto-Octubre de 2019, antes de la pandemia, siendo m\u00e1s del 60% de ellas empleos del \u00e1rea silvoagropecuaria y pesca, comercio y administraci\u00f3n p\u00fablica. As\u00ed lo detalla parte del informe emanado este mes de diciembre por el Observatorio Laboral de Sence que ejecuta la Universidad de Los Lagos.<\/p>\n\n\n\n<p class=\"wp-block-paragraph\">Se trata del \u00faltimo term\u00f3metro del a\u00f1o que como cada mes tiene como objetivo monitorear mensualmente indicadores del mercado laboral regional y nacional, haciendo \u00e9nfasis en aspectos relativos a la ocupaci\u00f3n y composici\u00f3n de la fuerza de trabajo, calidad y estado del empleo, entre otras materias.<\/p>\n\n\n\n<p class=\"wp-block-paragraph\"><em>\u201cLa tasa de ocupaci\u00f3n regional en el trimestre agosto-octubre de 2022 alcanz\u00f3 un 46,2% en la regi\u00f3n, levemente superior a lo experimentado en 2021 y 2020 en igual trimestre, pero muy lejos del 58% que se ten\u00eda en 2019. Respecto de 2019 se han perdido 78 mil 177 ocupaciones y el 63% de ellas pertenec\u00edan a tres sectores econ\u00f3micos: silvoagropecuario y pesca, comercio y administraci\u00f3n p\u00fablica<\/em>\u201d, explica&nbsp;<strong>la acad\u00e9mica Luz Ferrada, directora del Observatorio Laboral de Sence.<\/strong><\/p>\n\n\n\n<p class=\"wp-block-paragraph\">Persiste durante el 2022, que el total de ocupados, que actualmente alcanza a 338.448, sigue estando muy por debajo del nivel del empleo del 2019, donde alcanz\u00f3 a 416.625.<\/p>\n\n\n\n<p class=\"wp-block-paragraph\">El pa\u00eds por su parte, posee una tasa de ocupaci\u00f3n del 55%; esto se traduce en que la brecha entre la regi\u00f3n y el pa\u00eds es de 8,8 pp.<\/p>\n\n\n\n<p class=\"wp-block-paragraph\">Por nivel educacional, en este trimestre, en comparaci\u00f3n al 2021, destaca que la tasa de ocupaci\u00f3n se incrementa entre quienes cuentan con educaci\u00f3n superior incompleta (en 8.6 pp., y disminuye en t\u00e9cnicos superiores en 3.8 pp. y profesionales en 2.6 pp., si bien son los grupos con las tasas de ocupaci\u00f3n m\u00e1s altas en la regi\u00f3n.<\/p>\n\n\n\n<p class=\"wp-block-paragraph\">Por grupo ocupacional, quienes muestran mayor aumento entre Ago-Oct 2021 y 2022 son: Ocupaciones elementales y Artesanos y operarios de oficios; en su conjunto acumulan un alza de 13.447 personas.<\/p>\n\n\n\n<p class=\"wp-block-paragraph\">En contraposici\u00f3n, destaca la ca\u00edda del empleo en Profesionales, cient\u00edficos e intelectuales, con una baja en 4.661 y Agricultores y trabajadores calificados agropecuarios, forestales y pesqueros en 4.145.<\/p>\n\n\n\n<p class=\"wp-block-paragraph\">Respecto a los sectores econ\u00f3micos de la Regi\u00f3n, en relaci\u00f3n al a\u00f1o 2021, las actividades que destacan las mejoras porcentuales de la ocupaci\u00f3n en; Industria Manufacturera (19,2%), Hoteles y Restoranes (18%) y Construcci\u00f3n (13,2%).<\/p>\n\n\n\n<p class=\"wp-block-paragraph\">En contraposici\u00f3n, destacan las ca\u00eddas de los sectores de Administraci\u00f3n p\u00fablica en un 17,9% y Comercio en un 9%. En comparaci\u00f3n al mismo trimestre de 2019, solamente la Industria Manufacturera muestra un ligero incremento de 1,2%. Por la importancia en el empleo regional, destacan la ca\u00edda de Silvoagropecuario y Pesca en -32,9% y Comercio con -25,7%.<\/p>\n\n\n\n<h2 class=\"wp-block-heading\">Principales Indicadores<\/h2>\n\n\n\n<p class=\"wp-block-paragraph\"><strong>Desocupaci\u00f3n:<\/strong>&nbsp;Para el trimestre Ago-Oct 2022, el total de desocupados alcanza a 15.688; esto representa un incremento respecto del mismo periodo de 2021 en 1.7 pp. donde hubo 9.280 personas desocupadas. En la misma l\u00ednea, la tasa de desocupaci\u00f3n regional alcanza el 4,4%, menor que la tasa nacional del 8%.<\/p>\n\n\n\n<p class=\"wp-block-paragraph\"><strong>Informalidad:<\/strong>&nbsp;La tasa de ocupaci\u00f3n informal en la Regi\u00f3n en este \u00faltimo trimestre m\u00f3vil se sit\u00faa en 29%, mientras que el 2021 alcanz\u00f3 el 27,2%.<\/p>\n\n\n\n<p class=\"wp-block-paragraph\">Por sexo, la tasa de ocupaci\u00f3n informal es m\u00e1s alta en hombres que alcanza el 30,4%; mientras que en mujeres es 27%, no obstante, quienes poseen entre 15 y 29 a\u00f1os de edad registran una disminuci\u00f3n en la tasa de informalidad de un 8%.<\/p>\n\n\n\n<p class=\"wp-block-paragraph\"><strong>Inactividad:<\/strong>&nbsp;Es persistente el hecho de que las tres principales razones que indican las personas para no trabajar ni buscar empleo en la regi\u00f3n son: \u201cPersona jubilada, pensionada o rentista\u201d, \u201cEst\u00e1 estudiando o prepar\u00e1ndose para estudiar\u201d y \u201cPor responsabilidades familiares permanentes\u201d; en su conjunto representan el 68,2% de las personas inactivas.<\/p>\n\n\n\n<p class=\"wp-block-paragraph\">En base al Sistema de An\u00e1lisis de Bolsas de Empleo (SABE) que analiza informaci\u00f3n procedente de varios portales de b\u00fasqueda en internet en Chile, se se\u00f1ala que en noviembre en Los Lagos se identifican 3.899 vacantes de empleo similar a lo visto en el mes de Octubre; sin embargo, con respecto al 2021 ello plantea una ca\u00edda del 43%.<\/p>\n\n\n\n<p class=\"wp-block-paragraph\">Las tres ocupaciones m\u00e1s requeridas fueron \u201cVendedores y asistentes de venta de tiendas, almacenes y puestos de mercado\u201d; \u201cAyudantes de cocina\u201d; \u201cCocineros\u201d. Adem\u00e1s, considerando las ocupaciones de \u201cAyudantes de cocina\u201d; \u201cCocineros\u201d; y \u201cCocineros de comida r\u00e1pida\u201d, estas agrupan el 15,4% de las vacantes en la regi\u00f3n.<\/p>\n","protected":false},"excerpt":{"rendered":"<p>Cupos de empleos perdidos durante la pandemia a\u00fan no han logrado recuperarse en la regi\u00f3n, impactando en el mercado laboral con disminuci\u00f3n de ocupaciones, especialmente en ciertos sectores.<\/p>\n","protected":false},"author":1,"featured_media":10050,"comment_status":"closed","ping_status":"closed","sticky":false,"template":"","format":"standard","meta":{"footnotes":""},"categories":[12],"tags":[],"class_list":["post-10049","post","type-post","status-publish","format-standard","has-post-thumbnail","hentry","category-economia"],"_links":{"self":[{"href":"https:\/\/www.semanariolocal.cl\/index.php?rest_route=\/wp\/v2\/posts\/10049","targetHints":{"allow":["GET"]}}],"collection":[{"href":"https:\/\/www.semanariolocal.cl\/index.php?rest_route=\/wp\/v2\/posts"}],"about":[{"href":"https:\/\/www.semanariolocal.cl\/index.php?rest_route=\/wp\/v2\/types\/post"}],"author":[{"embeddable":true,"href":"https:\/\/www.semanariolocal.cl\/index.php?rest_route=\/wp\/v2\/users\/1"}],"replies":[{"embeddable":true,"href":"https:\/\/www.semanariolocal.cl\/index.php?rest_route=%2Fwp%2Fv2%2Fcomments&post=10049"}],"version-history":[{"count":1,"href":"https:\/\/www.semanariolocal.cl\/index.php?rest_route=\/wp\/v2\/posts\/10049\/revisions"}],"predecessor-version":[{"id":10051,"href":"https:\/\/www.semanariolocal.cl\/index.php?rest_route=\/wp\/v2\/posts\/10049\/revisions\/10051"}],"wp:featuredmedia":[{"embeddable":true,"href":"https:\/\/www.semanariolocal.cl\/index.php?rest_route=\/wp\/v2\/media\/10050"}],"wp:attachment":[{"href":"https:\/\/www.semanariolocal.cl\/index.php?rest_route=%2Fwp%2Fv2%2Fmedia&parent=10049"}],"wp:term":[{"taxonomy":"category","embeddable":true,"href":"https:\/\/www.semanariolocal.cl\/index.php?rest_route=%2Fwp%2Fv2%2Fcategories&post=10049"},{"taxonomy":"post_tag","embeddable":true,"href":"https:\/\/www.semanariolocal.cl\/index.php?rest_route=%2Fwp%2Fv2%2Ftags&post=10049"}],"curies":[{"name":"wp","href":"https:\/\/api.w.org\/{rel}","templated":true}]}}