{"id":10043,"date":"2022-12-21T22:13:21","date_gmt":"2022-12-22T01:13:21","guid":{"rendered":"https:\/\/www.semanariolocal.cl\/?p=10043"},"modified":"2022-12-21T22:13:22","modified_gmt":"2022-12-22T01:13:22","slug":"diputado-barria-busca-agilizar-la-obtencion-y-renovacion-de-la-licencia-de-conducir","status":"publish","type":"post","link":"https:\/\/www.semanariolocal.cl\/?p=10043","title":{"rendered":"Diputado Barr\u00eda busca agilizar la obtenci\u00f3n y renovaci\u00f3n de la licencia de conducir."},"content":{"rendered":"\n<p class=\"wp-block-paragraph\">Proyecto liderado por el Diputado Barr\u00eda, en colaboraci\u00f3n con Carla Morales (RN), Fernando B\u00f3rquez (UDI), Lui Malla (PL), Felipe Caama\u00f1o (DC) y Alberto Undurraga (DC) busca agilizar el proceso renovaci\u00f3n y obtenci\u00f3n de la licencia de conducir.<\/p>\n\n\n\n<p class=\"wp-block-paragraph\">En relaci\u00f3n al proyecto el Diputado H\u00e9ctor Barr\u00eda manifest\u00f3,&nbsp;<strong><em>\u201cEstamos planteando esta propuesta que consiste en que otros profesionales de la salud puedan trabajar en las direcciones de tr\u00e1nsito para la obtenci\u00f3n de la licencia de conducir. Ampliando as\u00ed, que profesionales como Kinesi\u00f3logos y Kinesi\u00f3logas, Enfermeros y Enfermeras, Tecn\u00f3logos y Tecn\u00f3logas m\u00e9dicos con una capacitaci\u00f3n id\u00f3nea puedan ser parte del proceso\u201d.<\/em><\/strong><\/p>\n\n\n\n<p class=\"wp-block-paragraph\"><strong><em>\u201cCon esta propuesta estamos dando soluci\u00f3n a dos temas que afectan a la comunidad. Por un lado, agilizar la obtenci\u00f3n y renovaci\u00f3n de las licencias incorporando nuevos profesionales de la salud debido a la escasez de m\u00e9dicos para participar en el proceso.&nbsp; Y por otro lado, se entrega la posibilidad a los m\u00e9dicos que ya est\u00e1n en el sistema para que puedan desempe\u00f1ar sus funciones en los servicios de salud\u201d. &nbsp;<\/em><\/strong><\/p>\n\n\n\n<p class=\"wp-block-paragraph\">Por otra parte el diputado Barr\u00eda indic\u00f3 lo siguiente;&nbsp;<strong><em>\u201cHemos conversado con varios municipios, quienes nos indican que est\u00e1n demorando entre 3 o 4 meses entregar una hora para la obtenci\u00f3n o renovaci\u00f3n de una licencia de conducir. Lo que generar\u00e1 un problema para los vecinos y vecinas, y para las municipalidades, debido que el 2023 comenzar\u00e1n a vencer las licencias de conducir que han sido prorrogadas por dos a\u00f1os\u201d.<\/em><\/strong><\/p>\n\n\n\n<p class=\"wp-block-paragraph\">Finalmente el Diputado Barr\u00eda agreg\u00f3;&nbsp;<strong><em>\u201dDebemos ser capaces de promover la acci\u00f3n eficaz, tener respuesta frente a los problemas. No debemos esperar que se sature el sistema para que desde el parlamento nazcan estas iniciativas\u201d.&nbsp;<\/em><\/strong><\/p>\n","protected":false},"excerpt":{"rendered":"<p>Actualmente algunos municipios estar\u00edan demorando entre 3 o 4 meses para entregar una hora para la obtenci\u00f3n o renovaci\u00f3n de una licencia de conducir. <\/p>\n","protected":false},"author":1,"featured_media":10044,"comment_status":"closed","ping_status":"closed","sticky":false,"template":"","format":"standard","meta":{"footnotes":""},"categories":[3],"tags":[455,458,337,273,247,133],"class_list":["post-10043","post","type-post","status-publish","format-standard","has-post-thumbnail","hentry","category-al-dia","tag-diputado-distrito-25","tag-distrito-25","tag-informacion","tag-noticias","tag-region-de-los-lagos","tag-semanario-local"],"_links":{"self":[{"href":"https:\/\/www.semanariolocal.cl\/index.php?rest_route=\/wp\/v2\/posts\/10043","targetHints":{"allow":["GET"]}}],"collection":[{"href":"https:\/\/www.semanariolocal.cl\/index.php?rest_route=\/wp\/v2\/posts"}],"about":[{"href":"https:\/\/www.semanariolocal.cl\/index.php?rest_route=\/wp\/v2\/types\/post"}],"author":[{"embeddable":true,"href":"https:\/\/www.semanariolocal.cl\/index.php?rest_route=\/wp\/v2\/users\/1"}],"replies":[{"embeddable":true,"href":"https:\/\/www.semanariolocal.cl\/index.php?rest_route=%2Fwp%2Fv2%2Fcomments&post=10043"}],"version-history":[{"count":1,"href":"https:\/\/www.semanariolocal.cl\/index.php?rest_route=\/wp\/v2\/posts\/10043\/revisions"}],"predecessor-version":[{"id":10045,"href":"https:\/\/www.semanariolocal.cl\/index.php?rest_route=\/wp\/v2\/posts\/10043\/revisions\/10045"}],"wp:featuredmedia":[{"embeddable":true,"href":"https:\/\/www.semanariolocal.cl\/index.php?rest_route=\/wp\/v2\/media\/10044"}],"wp:attachment":[{"href":"https:\/\/www.semanariolocal.cl\/index.php?rest_route=%2Fwp%2Fv2%2Fmedia&parent=10043"}],"wp:term":[{"taxonomy":"category","embeddable":true,"href":"https:\/\/www.semanariolocal.cl\/index.php?rest_route=%2Fwp%2Fv2%2Fcategories&post=10043"},{"taxonomy":"post_tag","embeddable":true,"href":"https:\/\/www.semanariolocal.cl\/index.php?rest_route=%2Fwp%2Fv2%2Ftags&post=10043"}],"curies":[{"name":"wp","href":"https:\/\/api.w.org\/{rel}","templated":true}]}}