{"id":10010,"date":"2022-12-19T20:53:32","date_gmt":"2022-12-19T23:53:32","guid":{"rendered":"https:\/\/www.semanariolocal.cl\/?p=10010"},"modified":"2022-12-19T20:53:33","modified_gmt":"2022-12-19T23:53:33","slug":"primeras-trabajadoras-de-casa-particular-certificadas-por-chilevalora-en-los-lagos","status":"publish","type":"post","link":"https:\/\/www.semanariolocal.cl\/?p=10010","title":{"rendered":"Primeras Trabajadoras de Casa Particular <strong>certificadas por ChileValora en Los Lagos<\/strong>"},"content":{"rendered":"\n<p class=\"wp-block-paragraph\">La primera ceremonia de entrega de certificados de competencias laborales para Trabajadoras de Casa Particular de la Regi\u00f3n de Los Lagos se realiz\u00f3 hoy en la ciudad de Osorno. Se trata de 32 mujeres y un hombre que pasaron por un proceso de evaluaci\u00f3n de competencias laborales ejecutado por ChileValora y financiado por Sence.<\/p>\n\n\n\n<p class=\"wp-block-paragraph\">De esta forma, la Regi\u00f3n de Los Lagos es la primera en contar con Trabajadoras de Casa Particular certificadas fuera de la Regi\u00f3n Metropolitana. A nivel nacional, solo 113 personas han sido certificadas en este perfil, tras pasar por una exhaustiva evaluaci\u00f3n que incluye la observaci\u00f3n en terreno de la trabajadora.<\/p>\n\n\n\n<p class=\"wp-block-paragraph\">Claudia Pailalef Montiel, delegada Presidencial Provincial de Osorno, sobre esta certificaci\u00f3n sostuvo que \u201cvaloramos mucho lo que est\u00e1 realizando el Sence, Chilevalora, el ISL y Ministerio de Trabajo y Previsi\u00f3n Social, liderado en la regi\u00f3n por el Seremi \u00c1ngel Cabrera. En esta jornada hemos disfrutado de un bonito momento, con un grupo de trabajadoras que han cumplido un rol fundamental en materia de conquista de derechos que son las trabajadoras de Casa particular\u2026 a ellos se les entreg\u00f3 oficialmente su certificado y eso le va a permitir tambi\u00e9n un mejor trato en materia de b\u00fasqueda de trabajo y un crecimiento en lo personal\u201d.<\/p>\n\n\n\n<p class=\"wp-block-paragraph\">De esta forma el Estado ofrece a trav\u00e9s del certificado de competencias una herramienta concreta de empleabilidad que le permite al trabajador o trabajadora garantizar que cuenta con las competencias que se requiere para el ejercicio de su funci\u00f3n.<\/p>\n\n\n\n<p class=\"wp-block-paragraph\">El seremi del Trabajo y Previsi\u00f3n Social, \u00c1ngel Cabrera, enfatiz\u00f3 que \u201cComo Gobierno del Presidente Gabriel Boric tenemos la claridad de valorar todo el esfuerzo y compromiso que a diario entregan para el desarrollo del pa\u00eds, quienes integran la fuerza laboral, especialmente nuestras mujeres. En esta oportunidad, junto Chilevalora y Sence estamos certificando a 32 mujeres y un hombre que pasaron un proceso de Competencias Laborales como trabajadoras de Casa Particular en la regi\u00f3n de Los Lagos.&nbsp; Gracias a este reconocimiento de sus habilidades y competencias, podr\u00e1n contar con mayores herramientas para que sus expectativas de mantener o buscar un nuevo empleo mejoren sustancialmente\u201d.<\/p>\n\n\n\n<p class=\"wp-block-paragraph\">Por su parte, la seremi de la Mujer, Macarena Gr\u00e9, valor\u00f3 la certificaci\u00f3n y sostuvo que \u201cesto es algo muy importante lo que hace Chilevalora, que es certificar las competencias de ellas que son expertas en su trabajo y esto es un logro muy importante, ya que han sido ellas las que han ido ganado todos los derechos, estamos hablando de mejorar sueldos, sus horarios de trabajo, para una labor que muchas veces es invisibilizada como sociedad. Estas mujeres sostienen lo que otras mujeres no pueden sostener que es la labor en el hogar. Su rol es fundamental para nuestra sociedad y es relevante que esto se certifique y se ponga en el lugar donde tiene que estar\u201d.<\/p>\n\n\n\n<p class=\"wp-block-paragraph\">A su turno, el jefe de Acreditaci\u00f3n y Supervisi\u00f3n de ChileValora, Felipe Riquelme, asegur\u00f3 que \u201cel mandato del Presidente Gabriel Boric para ChileValora como instituci\u00f3n p\u00fablica, es claro: avanzar a una empleabilidad digna, generando escenarios que promuevan el desarrollo laboral y personal de los trabajadores y trabajadoras del pa\u00eds y por supuesto, entregando instrumentos como este certificado de competencias laborales que ofrezcan oportunidades de una mejor calidad de vida para estas trabajadoras y sus familias\u201d.&nbsp;<\/p>\n\n\n\n<p class=\"wp-block-paragraph\">Asimismo, Emilia Sol\u00eds, presidenta del Sindicato Nacional Unitario de Trabajadoras de Casa Particular, quien tambi\u00e9n recibi\u00f3 su certificaci\u00f3n, dijo que \u201cestamos aqu\u00ed todas unidas y estamos muy contentas ya que somos unas personas certificadas expertas en las labores del hogar. Fueron muchas las compa\u00f1eras que se quisieron certificar varias lo logramos, pero otras no pasaron el proceso de evaluaci\u00f3n. Ahora podemos decir que somos personas garantizadas que van a hacer las cosas bien dentro de un hogar. Invitamos a las dem\u00e1s compa\u00f1eras que se puedan certificar, esto es solo el comienzo vamos por m\u00e1s personas certificadas y responsables, sobre todo en el cuidado de ni\u00f1o y adulto mayor eso es lo que m\u00e1s se necesita. &nbsp;Los empleadores pueden confiar en nosotras como trabajadoras de calidad\u201d.<\/p>\n\n\n\n<p class=\"wp-block-paragraph\">El perfil de Trabajadoras de Casa Particular eval\u00faa cinco competencias laborales, entre ellas, tareas de limpieza y aseo en interiores y exteriores, lavado y cuidado de la ropa, realizar tareas de preparaci\u00f3n b\u00e1sica de alimentos, cuidado de ni\u00f1os, ni\u00f1as y adultos\/as mayores y administraci\u00f3n de la casa. Dichas habilidades les permiten desempe\u00f1arse con propiedad en diversos roles ocupacionales como servicio dom\u00e9stico general, ni\u00f1eras, cocineras, amas de llaves, damas de compa\u00f1\u00eda, mayordomos, institutrices.<\/p>\n\n\n\n<p class=\"wp-block-paragraph\">La evaluaci\u00f3n de su saber hacer se desarroll\u00f3 aplicando procedimientos y secuencia de pasos para alcanzar el nivel requerido en el trabajo dom\u00e9stico en todas las \u00e1reas; cumpliendo un programa de actividades diarias; desempe\u00f1ando tareas en las que existen riesgos de sobre esfuerzos y ergon\u00f3micos, siendo necesario atender pr\u00e1cticas de auto cuidado; manejando llaves y lugares de acceso a ellas para ciertas \u00e1reas restringidas; operando equipos de limpieza y electrodom\u00e9sticos; y, utilizando materiales cuyo consumo dependen de los conocimientos de administraci\u00f3n y aplicaci\u00f3n de insumos de limpieza y lavado.<\/p>\n\n\n\n<p class=\"wp-block-paragraph\">El financiamiento de este proceso de certificaci\u00f3n -que incluy\u00f3 al total de 113 personas certificadas- fue cubierto por el Servicio Nacional de Capacitaci\u00f3n y Empleo, SENCE, quien destin\u00f3 m\u00e1s de 25 millones de pesos en becas de certificaci\u00f3n laboral.<\/p>\n\n\n\n<h2 class=\"wp-block-heading\"><strong>\u00bfQu\u00e9 es ChileValora?<\/strong><\/h2>\n\n\n\n<p class=\"wp-block-paragraph\">La Comisi\u00f3n del Sistema Nacional de Certificaci\u00f3n de Competencias Laborales, ChileValora, es un servicio p\u00fablico tripartito, cuya funci\u00f3n principal es reconocer formalmente las competencias laborales de las personas mediante la certificaci\u00f3n, independientemente de la forma en que las personas hayan adquirido los conocimientos y de si tienen o no un t\u00edtulo o grado acad\u00e9mico.<\/p>\n\n\n\n<p class=\"wp-block-paragraph\">ChileValora, basa su gobernanza en el Di\u00e1logo Social Tripartito a trav\u00e9s de un directorio integrado en forma tripartita, paritaria y con car\u00e1cter resolutivo, por representantes de la CUT, CPC, Conapyme, y el Estado a trav\u00e9s de representantes de los ministros de Econom\u00eda, Trabajo y Educaci\u00f3n.<\/p>\n\n\n\n<h2 class=\"wp-block-heading\"><strong>\u00bfC\u00f3mo?<\/strong><\/h2>\n\n\n\n<p class=\"wp-block-paragraph\">A trav\u00e9s de un proceso de evaluaci\u00f3n y certificaci\u00f3n de las competencias laborales adquiridas para el desempe\u00f1o de un oficio u ocupaci\u00f3n.<\/p>\n\n\n\n<p class=\"wp-block-paragraph\">La Certificaci\u00f3n de Competencias es una herramienta de empleabilidad y movilidad laboral que busca reconocer y valorar a los trabajadores y trabajadoras y su aporte en la productividad y crecimiento econ\u00f3mico de nuestro pa\u00eds.<\/p>\n\n\n\n<p class=\"wp-block-paragraph\">De esta forma el Sistema Nacional de Certificaci\u00f3n de Competencias Laborales constituye una pieza clave para avanzar hacia una empleabilidad digna, generando escenarios laborales que promuevan el desarrollo laboral y personal de nuestros trabajadores y trabajadoras, reconociendo sus conocimientos, experiencia y habilidades y facilitando el acceso a la formaci\u00f3n para el trabajo a lo largo de su vida. Para m\u00e1s informaci\u00f3n sobre el proceso, centros de certificaci\u00f3n, y otras consultas sobre ChileValora, llamar al <strong>6003001999<\/strong><\/p>\n","protected":false},"excerpt":{"rendered":"<p>El Estado ofrece a trav\u00e9s del certificado de competencias una herramienta concreta de empleabilidad que le permite al trabajador o trabajadora garantizar que cuenta con las competencias que se requiere para el ejercicio de su funci\u00f3n.<\/p>\n","protected":false},"author":1,"featured_media":10011,"comment_status":"closed","ping_status":"closed","sticky":false,"template":"","format":"standard","meta":{"footnotes":""},"categories":[3],"tags":[],"class_list":["post-10010","post","type-post","status-publish","format-standard","has-post-thumbnail","hentry","category-al-dia"],"_links":{"self":[{"href":"https:\/\/www.semanariolocal.cl\/index.php?rest_route=\/wp\/v2\/posts\/10010","targetHints":{"allow":["GET"]}}],"collection":[{"href":"https:\/\/www.semanariolocal.cl\/index.php?rest_route=\/wp\/v2\/posts"}],"about":[{"href":"https:\/\/www.semanariolocal.cl\/index.php?rest_route=\/wp\/v2\/types\/post"}],"author":[{"embeddable":true,"href":"https:\/\/www.semanariolocal.cl\/index.php?rest_route=\/wp\/v2\/users\/1"}],"replies":[{"embeddable":true,"href":"https:\/\/www.semanariolocal.cl\/index.php?rest_route=%2Fwp%2Fv2%2Fcomments&post=10010"}],"version-history":[{"count":1,"href":"https:\/\/www.semanariolocal.cl\/index.php?rest_route=\/wp\/v2\/posts\/10010\/revisions"}],"predecessor-version":[{"id":10012,"href":"https:\/\/www.semanariolocal.cl\/index.php?rest_route=\/wp\/v2\/posts\/10010\/revisions\/10012"}],"wp:featuredmedia":[{"embeddable":true,"href":"https:\/\/www.semanariolocal.cl\/index.php?rest_route=\/wp\/v2\/media\/10011"}],"wp:attachment":[{"href":"https:\/\/www.semanariolocal.cl\/index.php?rest_route=%2Fwp%2Fv2%2Fmedia&parent=10010"}],"wp:term":[{"taxonomy":"category","embeddable":true,"href":"https:\/\/www.semanariolocal.cl\/index.php?rest_route=%2Fwp%2Fv2%2Fcategories&post=10010"},{"taxonomy":"post_tag","embeddable":true,"href":"https:\/\/www.semanariolocal.cl\/index.php?rest_route=%2Fwp%2Fv2%2Ftags&post=10010"}],"curies":[{"name":"wp","href":"https:\/\/api.w.org\/{rel}","templated":true}]}}